{"id":5755,"date":"2020-11-15T22:30:03","date_gmt":"2020-11-16T01:30:03","guid":{"rendered":"https:\/\/tvc16.com\/portal\/?p=5755"},"modified":"2020-11-15T22:30:06","modified_gmt":"2020-11-16T01:30:06","slug":"policia-federal-apura-vazamento-de-dados-de-servidores-do-tse","status":"publish","type":"post","link":"https:\/\/tvc16.com\/portal\/2020\/11\/15\/policia-federal-apura-vazamento-de-dados-de-servidores-do-tse\/","title":{"rendered":"Pol\u00edcia Federal apura vazamento de dados de servidores do TSE"},"content":{"rendered":"\n<h3 class=\"wp-block-heading\">Afirma\u00e7\u00e3o \u00e9 do ministro da Justi\u00e7a e Seguran\u00e7a P\u00fablica, Andr\u00e9 Mendon\u00e7a<\/h3>\n\n\n\n<h4 class=\"wp-block-heading\">Por Alex Rodrigues &#8211; Rep\u00f3rter da Ag\u00eancia Brasil &#8211; Bras\u00edlia<\/h4>\n\n\n\n<p>O ministro da Justi\u00e7a e Seguran\u00e7a P\u00fablica, Andr\u00e9 Mendon\u00e7a, confirmou nesta tarde que a Pol\u00edcia Federal (PF) est\u00e1 apurando a suspeita de vazamento de dados pessoais de servidores do Tribunal Superior Eleitoral (TSE).<img decoding=\"async\" src=\"https:\/\/agenciabrasil.ebc.com.br\/ebc.png?id=1393564&amp;o=node\"><img decoding=\"async\" src=\"https:\/\/agenciabrasil.ebc.com.br\/ebc.gif?id=1393564&amp;o=node\"><\/p>\n\n\n\n<p>\u201cO que podemos dizer \u00e9 que a PF est\u00e1 investigando. E o que j\u00e1 se sabe \u00e9 que os dados divulgados s\u00e3o antigos. E que o acesso a estes dados ocorreu antes de 23 de outubro deste ano\u201d, declarou o ministro ao apresentar, a jornalistas, em Bras\u00edlia, um balan\u00e7o da atua\u00e7\u00e3o integrada de for\u00e7as de seguran\u00e7a p\u00fablica de todo o pa\u00eds.<\/p>\n\n\n\n<p>\u201cA PF est\u00e1 buscando o autor do acesso a estes dados antigos\u201d, acrescentou Mendon\u00e7a, minimizando que haja alguma rela\u00e7\u00e3o entre o vazamento das informa\u00e7\u00f5es pessoais dos servidores do TSE e a suspeita de um ataque cibern\u00e9tico ao sistema do Superior Tribunal de Justi\u00e7a (STJ), no in\u00edcio do m\u00eas.<\/p>\n\n\n\n<p>\u201cAt\u00e9 o momento, n\u00e3o foi apontada nenhuma rela\u00e7\u00e3o [entre os dois casos]. Logicamente, n\u00e3o podemos descartar nenhuma possibilidade, mas n\u00e3o h\u00e1, at\u00e9 aqui, nenhum indicativo neste sentido\u201d, comentou o ministro, garantindo que o vazamento n\u00e3o afetou \u201ca lisura do processo eleitoral\u201d. \u201cA PF tem trabalhado em sintonia com toda a \u00e1rea de seguran\u00e7a e tecnologia do TSE, e n\u00e3o h\u00e1 nenhum indicativo de preju\u00edzo ao pleito eleitoral.\u201d<\/p>\n\n\n\n<h2 class=\"wp-block-heading\">Ataque cibern\u00e9tico<\/h2>\n\n\n\n<p>Mais cedo, o presidente do TSE, Lu\u00eds Roberto Barroso, j\u00e1 tinha confirmado (http:\/\/agenciabrasil.ebc.com.br\/eleicoes-2020\/noticia\/2020-11\/eleicoes-2020-acompanhe-entrevista-presidente-tse-ao-vivo) que um novo ataque cibern\u00e9tico tentou derrubar hoje os sistemas da Justi\u00e7a Eleitoral. Segundo Barroso, a a\u00e7\u00e3o foi \u201cneutralizada\u201d sem maiores consequ\u00eancias.<\/p>\n\n\n\n<p>\u201cHouve uma tentativa de ataque, hoje, com um grande volume de acessos simultaneamente. Foi totalmente neutralizado pelo Tribunal Superior Eleitoral e pelas operadoras de telefonia. Portanto, sem qualquer repercuss\u00e3o sobre o processo de vota\u00e7\u00e3o\u201d, disse Barroso sobre o mais recente ataque.<\/p>\n\n\n\n<p>Da mesma forma que Mendon\u00e7a, Barroso descartou que o novo ataque esteja relacionado com o vazamento de dados pessoais de funcion\u00e1rios da Corte. \u201cEsse vazamento [que resultou na divulga\u00e7\u00e3o indevida de informa\u00e7\u00f5es pessoais de funcion\u00e1rios do tribunal] n\u00e3o \u00e9 produto de um ataque atual. \u00c9 um ataque antigo que ainda n\u00e3o fomos capazes de precisar qu\u00e3o antigo, se antigo de 10 dias ou antigo de cinco anos\u201d, disse Barroso, frisando que ataques como o deste domingo \u201cs\u00e3o bastante comuns\u201d e n\u00e3o afeta o processo de vota\u00e7\u00e3o.<\/p>\n\n\n\n<p>Edi\u00e7\u00e3o: N\u00e9lio de Andrade<\/p>\n","protected":false},"excerpt":{"rendered":"<p>Afirma\u00e7\u00e3o \u00e9 do ministro da Justi\u00e7a e Seguran\u00e7a P\u00fablica, Andr\u00e9 Mendon\u00e7a Por Alex Rodrigues &#8211;<\/p>\n","protected":false},"author":2,"featured_media":5756,"comment_status":"open","ping_status":"open","sticky":false,"template":"","format":"standard","meta":{"footnotes":""},"categories":[17],"tags":[],"class_list":["post-5755","post","type-post","status-publish","format-standard","has-post-thumbnail","hentry","category-outras-noticias"],"_links":{"self":[{"href":"https:\/\/tvc16.com\/portal\/wp-json\/wp\/v2\/posts\/5755","targetHints":{"allow":["GET"]}}],"collection":[{"href":"https:\/\/tvc16.com\/portal\/wp-json\/wp\/v2\/posts"}],"about":[{"href":"https:\/\/tvc16.com\/portal\/wp-json\/wp\/v2\/types\/post"}],"author":[{"embeddable":true,"href":"https:\/\/tvc16.com\/portal\/wp-json\/wp\/v2\/users\/2"}],"replies":[{"embeddable":true,"href":"https:\/\/tvc16.com\/portal\/wp-json\/wp\/v2\/comments?post=5755"}],"version-history":[{"count":1,"href":"https:\/\/tvc16.com\/portal\/wp-json\/wp\/v2\/posts\/5755\/revisions"}],"predecessor-version":[{"id":5757,"href":"https:\/\/tvc16.com\/portal\/wp-json\/wp\/v2\/posts\/5755\/revisions\/5757"}],"wp:featuredmedia":[{"embeddable":true,"href":"https:\/\/tvc16.com\/portal\/wp-json\/wp\/v2\/media\/5756"}],"wp:attachment":[{"href":"https:\/\/tvc16.com\/portal\/wp-json\/wp\/v2\/media?parent=5755"}],"wp:term":[{"taxonomy":"category","embeddable":true,"href":"https:\/\/tvc16.com\/portal\/wp-json\/wp\/v2\/categories?post=5755"},{"taxonomy":"post_tag","embeddable":true,"href":"https:\/\/tvc16.com\/portal\/wp-json\/wp\/v2\/tags?post=5755"}],"curies":[{"name":"wp","href":"https:\/\/api.w.org\/{rel}","templated":true}]}}