{"id":5758,"date":"2020-11-15T22:33:42","date_gmt":"2020-11-16T01:33:42","guid":{"rendered":"https:\/\/tvc16.com\/portal\/?p=5758"},"modified":"2020-11-15T22:33:45","modified_gmt":"2020-11-16T01:33:45","slug":"hoje-e-dia-republica-e-consciencia-negra-sao-destaques-da-semana","status":"publish","type":"post","link":"https:\/\/tvc16.com\/portal\/2020\/11\/15\/hoje-e-dia-republica-e-consciencia-negra-sao-destaques-da-semana\/","title":{"rendered":"Hoje \u00e9 dia: Rep\u00fablica e Consci\u00eancia Negra s\u00e3o destaques da semana"},"content":{"rendered":"\n<h3 class=\"wp-block-heading\">Confira as principais datas da semana entre 15 a 21 de novembro<\/h3>\n\n\n\n<h4 class=\"wp-block-heading\">Por Leyberson Pedrosa &#8211; Rep\u00f3rter da Ag\u00eancia Brasil &#8211; Bras\u00edlia<\/h4>\n\n\n\n<p>A semana entre os dias 15 e 21 de novembro \u00e9 marcada pelo Dia Nacional da Consci\u00eancia Negra, data que relembra a resist\u00eancia do \u00faltimo dos l\u00edderes do Quilombo dos Palmares no Brasil. Zumbi foi executado em 20 de novembro de 1695 pelas for\u00e7as do bandeirante portugu\u00eas Domingos Jorge Velho. J\u00e1 o in\u00edcio da semana, 15, destaca a queda da monarquia brasileira um ano ap\u00f3s o fim da escravid\u00e3o. O feriado nacional da Proclama\u00e7\u00e3o da Rep\u00fablica, neste ano, cai&nbsp;<img decoding=\"async\" src=\"https:\/\/agenciabrasil.ebc.com.br\/ebc.png?id=1390253&amp;o=node\"><img decoding=\"async\" src=\"https:\/\/agenciabrasil.ebc.com.br\/ebc.gif?id=1390253&amp;o=node\">no domingo.<\/p>\n\n\n\n<p><a href=\"https:\/\/agenciabrasil.ebc.com.br\/geral\/noticia\/2020-11\/semana-consciencia-negra-feriado-republica#tabela\">Acesse a tabela com os fatos e datas da semana.<\/a><\/p>\n\n\n\n<h2 class=\"wp-block-heading\">Sai Monarquia, entra a Rep\u00fablica<\/h2>\n\n\n\n<p>A monarquia no Brasil durou desde antes da chegada da frota de Pedro Alvares Cabral, em 1500,&nbsp;<img decoding=\"async\" src=\"https:\/\/agenciabrasil.ebc.com.br\/ebc.png?id=1390253&amp;o=node\"><img decoding=\"async\" src=\"https:\/\/agenciabrasil.ebc.com.br\/ebc.gif?id=1390253&amp;o=node\"><a href=\"https:\/\/agenciabrasil.ebc.com.br\/geral\/noticia\/2019-11\/proclamacao-da-republica-completa-130-anos\" target=\"_blank\" rel=\"noreferrer noopener\">at\u00e9 o dia 15 de novembro de 1889, quando se proclamou a Rep\u00fablica Brasileira.<\/a>&nbsp;O ent\u00e3o imperador Dom Pedro II foi destitu\u00eddo e exilado para o pa\u00eds de origem de seus antepassados.<\/p>\n\n\n\n<p>Tamb\u00e9m chamado de&nbsp;<a href=\"https:\/\/radios.ebc.com.br\/na-trilha-da-historia\/edicao\/2016-11\/laurentino-gomes-revela-os-bastidores-da-proclamacao-da\" target=\"_blank\" rel=\"noreferrer noopener\">golpe de Estado pol\u00edtico-militar,<\/a>&nbsp;a proclama\u00e7\u00e3o foi feita na Pra\u00e7a da Aclima\u00e7\u00e3o no Rio de Janeiro por um grupo de militares do ex\u00e9rcito brasileiro, liderados pelo marechal Manuel Deodoro da Fonseca, que assumiu o poder no pa\u00eds, instituindo um governo provis\u00f3rio republicano.&nbsp;<img decoding=\"async\" src=\"https:\/\/agenciabrasil.ebc.com.br\/ebc.png?id=1390253&amp;o=node\"><img decoding=\"async\" src=\"https:\/\/agenciabrasil.ebc.com.br\/ebc.gif?id=1390253&amp;o=node\">O dia \u00e9 Feriado Nacional desde 1949 e, neste ano, cai no domingo. Saiba mais na reportagem da&nbsp;<strong>TV Brasil<\/strong>&nbsp;produzida em 2019:https:\/\/www.youtube.com\/embed\/5_-jEdV43gA<\/p>\n\n\n\n<h2 class=\"wp-block-heading\">Dia do Banheiro, da Bandeira e mais<\/h2>\n\n\n\n<p>A astronomia e outras ci\u00eancias se valem at\u00e9 hoje das tr\u00eas leis da mec\u00e2nica celeste criada pelo&nbsp;<img decoding=\"async\" src=\"https:\/\/agenciabrasil.ebc.com.br\/ebc.png?id=1390253&amp;o=node\"><img decoding=\"async\" src=\"https:\/\/agenciabrasil.ebc.com.br\/ebc.gif?id=1390253&amp;o=node\">alem\u00e3o Johannes Kepler h\u00e1 mais de tr\u00eas s\u00e9culos. O cientista morreu em&nbsp;<img decoding=\"async\" src=\"https:\/\/agenciabrasil.ebc.com.br\/ebc.png?id=1390253&amp;o=node\"><img decoding=\"async\" src=\"https:\/\/agenciabrasil.ebc.com.br\/ebc.gif?id=1390253&amp;o=node\">15 de novembro de 1630. A semana segue com outros acontecimentos que relembram eventos como a cria\u00e7\u00e3o da Organiza\u00e7\u00e3o das Na\u00e7\u00f5es Unidas (ONU) e&nbsp;<img decoding=\"async\" src=\"https:\/\/agenciabrasil.ebc.com.br\/ebc.png?id=1390253&amp;o=node\"><img decoding=\"async\" src=\"https:\/\/agenciabrasil.ebc.com.br\/ebc.gif?id=1390253&amp;o=node\">do Dia Internacional do Patrim\u00f4nio Cultural.<\/p>\n\n\n\n<figure class=\"wp-block-image\"><img decoding=\"async\" src=\"https:\/\/imagens.ebc.com.br\/JUAoQK3Vd2VrGLsD3G9i7rILsbo=\/365x0\/smart\/https:\/\/agenciabrasil.ebc.com.br\/sites\/default\/files\/atoms\/image\/saneamento_basico.jpg?itok=pJEQowD0\" alt=\"saneamento b\u00e1sico\" title=\"Marcello Casal Jr \/ Arquivo Ag\u00eancia Brasil\"\/><\/figure>\n\n\n\n<h6 class=\"wp-block-heading\">Dia Mundial do Banheiro chama aten\u00e7\u00e3o para condi\u00e7\u00f5es de saneamento b\u00e1sico &#8211;&nbsp;<strong>Marcello Casal Jr \/ Arquivo Ag\u00eancia Brasil<\/strong><\/h6>\n\n\n\n<p>O dia 19&nbsp;<img decoding=\"async\" src=\"https:\/\/agenciabrasil.ebc.com.br\/ebc.png?id=1390253&amp;o=node\"><img decoding=\"async\" src=\"https:\/\/agenciabrasil.ebc.com.br\/ebc.gif?id=1390253&amp;o=node\">de novembro \u00e9 Dia Mundial do Banheiro desde 2001. \u00c0 primeira vista, parece uma data engra\u00e7ada, mas essa efem\u00e9ride foi criada para conscientizar a import\u00e2ncia das condi\u00e7\u00f5es sanit\u00e1rias na qualidade de vida das pessoas e melhorar a higiene e os servi\u00e7os de saneamento pelo mundo. Conforme dados da Unicef publicados pela&nbsp;<strong>Ag\u00eancia Brasil<\/strong>,&nbsp;<a href=\"https:\/\/agenciabrasil.ebc.com.br\/saude\/noticia\/2020-03\/dia-mundial-da-agua-bilhoes-nao-tem-acesso-agua-e-sabao\" target=\"_blank\" rel=\"noreferrer noopener\">40% da popula\u00e7\u00e3o mundial, ou 3 bilh\u00f5es de pessoas<\/a>, n\u00e3o t\u00eam lavat\u00f3rio com \u00e1gua e sab\u00e3o em casa e quase tr\u00eas quartos das pessoas nos pa\u00edses menos desenvolvidos n\u00e3o t\u00eam instala\u00e7\u00f5es b\u00e1sicas para lavar as m\u00e3os em casa.<\/p>\n\n\n\n<p>No Brasil, a Organiza\u00e7\u00e3o dos Advogados do Brasil (OAB) completa 90 anos de exist\u00eancia no dia 18. O calend\u00e1rio tamb\u00e9m traz o dia da Bandeira e do Conselho Tutelar. H\u00e1 destaque para os nascimentos de dois expoentes da escrita brasileira. Primeiro, Rachel de Queiroz, primeira mulher a ocupar uma cadeira na Academia Brasileira de Letras, nascida em 17 de novembro de 1910. A outra personalidade \u00e9 o paraibano Leandro Gomes de Barros, que nasceu no dia 19 de novembro de 1865. O poeta \u00e9 considerado o primeiro escritor brasileiro de literatura de Cordel, tendo escrito cerca de 240 obras. Em sua homenagem, criou-se o dia Dia Nacional do Cordelista no dia 19 d enovembro.<\/p>\n\n\n\n<p><a href=\"https:\/\/radios.ebc.com.br\/antena-mec\/2019\/12\/leandro-gomes-de-barros-o-primeiro-escritor-brasileiro-da-literatura-de-cordel\" target=\"_blank\" rel=\"noreferrer noopener\">Conhe\u00e7a mais a hist\u00f3ria de Leandro Gomes:<\/a><\/p>\n\n\n\n<p><a href=\"https:\/\/radios.ebc.com.br\/antena-mec\/2019\/09\/momento-literario-conta-o-legado-de-rachel-de-queiroz\" target=\"_blank\" rel=\"noreferrer noopener\">Ou\u00e7a mais sobre o legado de Rachel de Queiroz:<\/a><audio preload=\"metadata\"><\/audio><\/p>\n\n\n\n<h2 class=\"wp-block-heading\"><a>Lista semanal com datas, fatos hist\u00f3ricos e feriados<\/a><\/h2>\n\n\n\n<p>15 \u00e0 21 de novembro15<\/p>\n\n\n\n<p>Morte do astr\u00f4nomo, astr\u00f3logo e matem\u00e1tico alem\u00e3o Johannes Kepler (390 anos) &#8211; considerado figura-chave da revolu\u00e7\u00e3o cient\u00edfica do s\u00e9culo XVII, \u00e9 todavia c\u00e9lebre por ter formulado as tr\u00eas leis fundamentais da mec\u00e2nica celeste, denominadas por Leis de Kepler<\/p>\n\n\n\n<p>Dia da Proclama\u00e7\u00e3o da Rep\u00fablica &#8211; comemorado por brasileiros, conforme Lei N\u00ba 662 de 6 de abril de 1949, ratificada pela Lei N\u00ba 10.607 de 19 de dezembro de 2002, para marcar a data da promulga\u00e7\u00e3o do Decreto 1 de 15 de novembro de 1889, que foi assinado pelo ent\u00e3o Marechal Deodoro da Fonseca<\/p>\n\n\n\n<p>Dia Nacional da Umbanda &#8211; comemora\u00e7\u00e3o institu\u00edda pela Lei N\u00ba 12.644 de 16 de maio de 2012, e que inicialmente foi institu\u00edda pelo Conselho Nacional Deliberativo da Umbanda; tem por fim marcar a data da 1\u00aa manifesta\u00e7\u00e3o do Caboclo das Sete Encruzilhadas , que se incorporou em 15 de novembro de 1908 no ent\u00e3o jovem m\u00e9dium brasileiro, Z\u00e9lio Fernandino de Moraes<\/p>\n\n\n\n<p>Tem in\u00edcio a 1\u00aa Semana do Cinema Brasileiro, primeira edi\u00e7\u00e3o do Festival de Bras\u00edlia do Cinema Brasileiro (55 anos)16<\/p>\n\n\n\n<p>Cria\u00e7\u00e3o da Organiza\u00e7\u00e3o das Na\u00e7\u00f5es Unidas para a Educa\u00e7\u00e3o, a Ci\u00eancia e a Cultura (UNESCO) (75 anos)<\/p>\n\n\n\n<p>Dia Internacional para a Toler\u00e2ncia &#8211; comemora\u00e7\u00e3o internacional que foi institu\u00edda pela ONU na sua resolu\u00e7\u00e3o A\/RES 51\/95 de 12 de dezembro de 1996; tem por fim marcar a data da constitui\u00e7\u00e3o da UNESCO , que se deu em 16 de novembro de 1945, e a data da proclama\u00e7\u00e3o da Declara\u00e7\u00e3o de Princ\u00edpios Sobre a Toler\u00e2ncia , que foi assinada por 185 pa\u00edses na cidade de Paris com a inten\u00e7\u00e3o de poupar sucessivas gera\u00e7\u00f5es das guerras por quest\u00f5es culturais, a partir da pr\u00e1tica da toler\u00e2ncia e da conviv\u00eancia pac\u00edfica entre os povos vizinhos<\/p>\n\n\n\n<p>Dia Internacional do Patrim\u00f4nio Mundial &#8211; comemora\u00e7\u00e3o internacional, que tem sido promovida pela UNESCO; tem por fim marcar a data da ado\u00e7\u00e3o da Conven\u00e7\u00e3o de Paris, a partir da qual foram assentadas as bases da prote\u00e7\u00e3o do patrim\u00f4nio cultural e natural da humanidade<\/p>\n\n\n\n<p>Dia Nacional da Amaz\u00f4nia Azul &#8211; comemora\u00e7\u00e3o no Brasil, que foi institu\u00edda pela Lei N\u00ba 13.187 de 11 de novembro de 2015.; tem por fim marcar a data da entrada em vigor da Conven\u00e7\u00e3o das Na\u00e7\u00f5es Unidas sobre o Direito do Mar , que consagra os conceitos de Mar Territorial, Zona Econ\u00f4mica Exclusiva e Plataforma Continental, viabilizando a delimita\u00e7\u00e3o dos espa\u00e7os mar\u00edtimos sob a jurisdi\u00e7\u00e3o brasileira, os quais totalizar\u00e3o aproximadamente 4,5 milh\u00f5es de km\u00b2 \u00e1rea que a Marinha do Brasil convencionou chamar de Amaz\u00f4nia Azul<\/p>\n\n\n\n<p>Dia Mundial em Mem\u00f3ria das V\u00edtimas de Tr\u00e2nsito &#8211; comemora\u00e7\u00e3o m\u00f3vel (3\u00ba domingo de novembro) reconhecida pela ONU<\/p>\n\n\n\n<p>\u00c9 realizada a primeira edi\u00e7\u00e3o da Feira do Livro de Porto Alegre (65 anos)17<\/p>\n\n\n\n<p>Nascimento da escritora ceaense Rachel de Queiroz (110 anos)18<\/p>\n\n\n\n<p>Funda\u00e7\u00e3o da Ordem dos Advogados do Brasil (90 anos)<\/p>\n\n\n\n<p>Dia Nacional do Conselheiro Tutelar &#8211; comemora\u00e7\u00e3o institu\u00edda pela Lei N\u00ba 11.622 de 19 de dezembro de 2007; tem por fim, marcar a data do 1\u00ba Congresso Nacional de Conselheiros Tutelares do Brasil; conselheiro tutelar \u00e9 um dos 5 membros eleitos pela comunidade de cada um dos munic\u00edpios e de cada uma das regi\u00f5es administrativas do Distrito Federal do Brasil para o respectivo Conselho Tutelar, um \u00f3rg\u00e3o integrante da administra\u00e7\u00e3o p\u00fablica local previsto em Lei Federal, para acompanhar as crian\u00e7as e adolescentes e decidir em conjunto sobre qual medida de prote\u00e7\u00e3o para cada caso19<\/p>\n\n\n\n<p>Dia da Bandeira &#8211; comemora\u00e7\u00e3o da institui\u00e7\u00e3o da bandeira nacional republicana, no ano de 1889<\/p>\n\n\n\n<p>Dia Mundial do Banheiro &#8211; comemora\u00e7\u00e3o promovida desde 2001 pela Organiza\u00e7\u00e3o Mundial de Banheiros objetivando melhorar a higiene e os servi\u00e7os de saneamento no mundo, al\u00e9m de conscientizar sobre a import\u00e2ncia das condi\u00e7\u00f5es sanit\u00e1rias na qualidade de vida das pessoas, que est\u00e1 ratificada pela 92\u00aa sess\u00e3o da Assembl\u00e9ia Geral da ONU<\/p>\n\n\n\n<p>Dia Nacional do Cordelista &#8211; marca a data de nascimento de Leandro Gomes de Barros, poeta de literatura de cordel<\/p>\n\n\n\n<p>Dia Internacional da Filosofia &#8211; comemora\u00e7\u00e3o m\u00f3vel (3\u00aa quinta-feira de novembro) institu\u00edda desde 2002 pela UNESCO20<\/p>\n\n\n\n<p>Morte do militar, chefe de Estado e ditador espanhol Francisco Franco (45 anos)<\/p>\n\n\n\n<p>Morte do escritor russo Liev Nikol\u00e1ievich Tolst\u00f3i (110 anos)<\/p>\n\n\n\n<p>Lan\u00e7amento da primeira vers\u00e3o do sistema operacional Windows (35 anos)<\/p>\n\n\n\n<p>Zumbi, o \u00faltimo dos l\u00edderes do Quilombo dos Palmares no Brasil, \u00e9 executado pelas for\u00e7as do bandeirante portugu\u00eas Domingos Jorge Velho, o evento hoje \u00e9 lembrado como o Dia da Consci\u00eancia Negra (325 anos)<\/p>\n\n\n\n<p>Dia Universal das Crian\u00e7as &#8211; comemora\u00e7\u00e3o internacional, que foi inicialmente recomendada pela 9\u00aa Assembleia Geral da ONU na sua Resolu\u00e7\u00e3o A\/RES 836 de 14 de dezembro de 1954; tem por fim, marcar a data da aprova\u00e7\u00e3o da Declara\u00e7\u00e3o dos Direitos das Crian\u00e7as<\/p>\n\n\n\n<p>Dia Nacional de Zumbi e da Consci\u00eancia Negra &#8211; comemora\u00e7\u00e3o do Brasil, que foi institu\u00edda pela Lei N\u00ba 12.519 de 10 de novembro de 2011<\/p>\n\n\n\n<p>Dia da Industrializa\u00e7\u00e3o da \u00c1frica &#8211; comemora\u00e7\u00e3o internacional, que foi institu\u00edda pela ONU na sua resolu\u00e7\u00e3o A\/RES 44\/237 de 22 de dezembro de 198921<\/p>\n\n\n\n<p>Morte do compositor e pianista paulistaJos\u00e9 Ant\u00f4nio Rezende de Almeida Prado (10 anos) &#8211; membro da Academia Brasileira de M\u00fasica, considerado um dos maiores expoentes da m\u00fasica erudita no Brasil<\/p>\n\n\n\n<p>Nascimento da cantora e compisitora islandesa Bj\u00f6rk (55 anos) &#8211; vencedora do Polar Music Prize, conhecido como o Pr\u00eamio Nobel da M\u00fasica<\/p>\n\n\n\n<p>Nascimento da cantora islandesa Bjork (55 anos) &#8211; vencedora do Polar Music Prize, conhecido como o Pr\u00eamio Nobel da M\u00fasica<\/p>\n\n\n\n<p>Dia Mundial da Televis\u00e3o<\/p>\n\n\n\n<p>Edi\u00e7\u00e3o: Edgard Matsuki<\/p>\n","protected":false},"excerpt":{"rendered":"<p>Confira as principais datas da semana entre 15 a 21 de novembro Por Leyberson Pedrosa<\/p>\n","protected":false},"author":2,"featured_media":5759,"comment_status":"open","ping_status":"open","sticky":false,"template":"","format":"standard","meta":{"footnotes":""},"categories":[21],"tags":[],"class_list":["post-5758","post","type-post","status-publish","format-standard","has-post-thumbnail","hentry","category-cultura"],"_links":{"self":[{"href":"https:\/\/tvc16.com\/portal\/wp-json\/wp\/v2\/posts\/5758","targetHints":{"allow":["GET"]}}],"collection":[{"href":"https:\/\/tvc16.com\/portal\/wp-json\/wp\/v2\/posts"}],"about":[{"href":"https:\/\/tvc16.com\/portal\/wp-json\/wp\/v2\/types\/post"}],"author":[{"embeddable":true,"href":"https:\/\/tvc16.com\/portal\/wp-json\/wp\/v2\/users\/2"}],"replies":[{"embeddable":true,"href":"https:\/\/tvc16.com\/portal\/wp-json\/wp\/v2\/comments?post=5758"}],"version-history":[{"count":1,"href":"https:\/\/tvc16.com\/portal\/wp-json\/wp\/v2\/posts\/5758\/revisions"}],"predecessor-version":[{"id":5760,"href":"https:\/\/tvc16.com\/portal\/wp-json\/wp\/v2\/posts\/5758\/revisions\/5760"}],"wp:featuredmedia":[{"embeddable":true,"href":"https:\/\/tvc16.com\/portal\/wp-json\/wp\/v2\/media\/5759"}],"wp:attachment":[{"href":"https:\/\/tvc16.com\/portal\/wp-json\/wp\/v2\/media?parent=5758"}],"wp:term":[{"taxonomy":"category","embeddable":true,"href":"https:\/\/tvc16.com\/portal\/wp-json\/wp\/v2\/categories?post=5758"},{"taxonomy":"post_tag","embeddable":true,"href":"https:\/\/tvc16.com\/portal\/wp-json\/wp\/v2\/tags?post=5758"}],"curies":[{"name":"wp","href":"https:\/\/api.w.org\/{rel}","templated":true}]}}