{"id":579,"date":"2020-09-16T16:47:45","date_gmt":"2020-09-16T16:47:45","guid":{"rendered":"https:\/\/tvc16.com\/portal\/?p=579"},"modified":"2020-09-16T16:47:45","modified_gmt":"2020-09-16T16:47:45","slug":"mostra-olhares-sobre-a-covid-19-estreia-40-filmes-que-registram-a-pandemia","status":"publish","type":"post","link":"https:\/\/tvc16.com\/portal\/2020\/09\/16\/mostra-olhares-sobre-a-covid-19-estreia-40-filmes-que-registram-a-pandemia\/","title":{"rendered":"Mostra &#8216;Olhares sobre a Covid-19&#8217; estreia 40 filmes que registram a pandemia"},"content":{"rendered":"\n<p>No Dia Nacional da Sa\u00fade, a VideoSa\u00fade Distribuidora da Fiocruz lan\u00e7a o primeiro conjunto de v\u00eddeos selecionados para a mostra online&nbsp;<em>Olhares Sobre a Covid-19<\/em>. S\u00e3o 40 registros audiovisuais de diferentes formatos, linguagens e estilos, que mostram um pouco sobre como a popula\u00e7\u00e3o brasileira vem enfrentando a pandemia causada pelo novo coronav\u00edrus.&nbsp;<\/p>\n\n\n\n<p>S\u00e3o document\u00e1rios, curtas-metragens de fic\u00e7\u00e3o, trechos de entrevistas e at\u00e9 uma anima\u00e7\u00e3o, retratando alguns dos diferentes aspectos sobre o per\u00edodo que a sociedade brasileira vem atravessando desde meados de mar\u00e7o, quando, em muitas cidades brasileiras foram adotadas medidas de isolamento social como preven\u00e7\u00e3o contra a dissemina\u00e7\u00e3o da doen\u00e7a.<\/p>\n\n\n\n<p>Os v\u00eddeos foram enviados por realizadores profissionais e amadores de diferentes regi\u00f5es do Brasil e selecionados por uma comiss\u00e3o da VideoSa\u00fade, por meio de regulamento previsto em chamada p\u00fablica. A chamada continua aberta para quem se interessar em cadastrar um v\u00eddeo ou filme.&nbsp;<strong><a href=\"https:\/\/www.icict.fiocruz.br\/node\/5764\" target=\"_blank\" rel=\"noreferrer noopener\">As inscri\u00e7\u00f5es foram prorrogadas at\u00e9 31 de outubro<\/a>.&nbsp;<\/strong><\/p>\n\n\n\n<p>Para assistir, basta acessar a \u00e1rea de audiovisual do Portal Fiocruz e buscar pela tag #OlharesSobreaCovid19 ou&nbsp;<strong><a href=\"https:\/\/portal.fiocruz.br\/mostra-audiovisual-ciencia-saude-sociedade\" target=\"_blank\" rel=\"noreferrer noopener\">acessar por link<\/a><\/strong>. A diversidade \u00e9 uma das marcas da mostra. A anima\u00e7\u00e3o \u2018#FicaEmCasa\u2019, por exemplo, \u00e9 voltada para o p\u00fablico infanto-juvenil, e explica em linguagem acess\u00edvel os riscos \u00e0 sa\u00fade causados pelo coronav\u00edrus.<\/p>\n\n\n\n<p>Alguns registros buscaram caminhos art\u00edsticos para expressar as emo\u00e7\u00f5es vividas durante quarentena, como nos v\u00eddeos&nbsp;<em>Temporal<\/em>&nbsp;e&nbsp;<em>Um roteiro de quarentena<\/em>, que apostou na fotografia em preto e branco e explorou refer\u00eancias da literatura, como o romance&nbsp;<em>A peste<\/em>, de Albert Camus. Outros vem de youtubers, que utilizam a din\u00e2mica linguagem das redes sociais.<\/p>\n\n\n\n<p>Na linha documental, o&nbsp;<em>Doc de Domingo \u2013 Ep. 04: Felipe dos Santos<\/em>&nbsp;retrata o dia a dia de um motoboy, uma das categorias profissionais mais impactadas e solicitadas durante o per\u00edodo. Tamb\u00e9m est\u00e3o dispon\u00edveis entrevistas realizadas por institui\u00e7\u00f5es de sa\u00fade e epis\u00f3dios da s\u00e9rie&nbsp;<em>Covid-19 Divulga\u00e7\u00e3o Cient\u00edfica<\/em>, a\u00e7\u00e3o de comunica\u00e7\u00e3o e sa\u00fade realizada pela Fiocruz.<\/p>\n\n\n\n<p>Uma sele\u00e7\u00e3o de dez t\u00edtulos da mostra disp\u00f5em de recursos de acessibilidade como legendas em texto e inclus\u00e3o de int\u00e9rprete de Libras. Para assist\u00ed-los, basta ativar o filtro &#8216;Recursos de Acessibilidade&#8217; na p\u00e1gina da Mostra.<\/p>\n\n\n\n<p><strong>Audiovisual como mem\u00f3ria da sa\u00fade<\/strong><\/p>\n\n\n\n<p>A chamada&nbsp;<em>Olhares sobre a Covid-19<\/em>&nbsp;faz parte de uma mostra mais abrangente realizada pela Videosa\u00fade, chamada de&nbsp;<em>Ci\u00eancia, Sa\u00fade e Sociedade<\/em>, e est\u00e1 dispon\u00edvel no Portal Fiocruz com t\u00edtulos selecionados a partir do acervo da distribuidora com foco em vis\u00f5es e narrativas relativas ao Sistema \u00danico de Sa\u00fade e a produ\u00e7\u00e3o de conhecimento cient\u00edfico no pa\u00eds.&nbsp;<\/p>\n\n\n\n<p>As obras selecionadas tamb\u00e9m passam a compor o acervo da VideoSa\u00fade, que comemora o interesse da sociedade no projeto. \u201cTivemos quase oitenta inscri\u00e7\u00f5es. As produ\u00e7\u00f5es s\u00e3o retratos variados das estrat\u00e9gias, experi\u00eancias, opini\u00f5es e sentimentos de seus realizadores, espelhadas em seus filmes e v\u00eddeos, a partir de document\u00e1rios, anima\u00e7\u00f5es ou simplesmente pequenas narrativas ou express\u00f5es\u201d, explica Claudia Lima, uma das organizadoras da mostra.<\/p>\n\n\n\n<p>Ela lembra que a VideoSa\u00fade aposta no audiovisual em sa\u00fade como um instrumento de mem\u00f3ria, e naturalmente, diante da pandemia, sua miss\u00e3o \u00e9 guardar registros como esses. \u201cO audiovisual em sa\u00fade vem se desenvolvendo e ganhando robustez ao longo dos anos. Apesar dos desafios, \u00e9 capaz de revelar grandes trabalhos que geram reflex\u00f5es, mobiliza\u00e7\u00f5es e transforma\u00e7\u00f5es em fun\u00e7\u00e3o da sua mensagem\u201d, afirma.<\/p>\n\n\n\n<p>O lan\u00e7amento nesta data tamb\u00e9m homenageia em sua data de anivers\u00e1rio o patrono da Fiocruz, Oswaldo Cruz (1872-1917), que al\u00e9m de cientista foi um grande entusiasta do audiovisual. Durante seu trabalho, realizou filmes cient\u00edficos que foram um dos primeiros do tipo no Brasil. \u201cA Covid-19 \u00e9 um tema muito novo e ainda apresenta muitos desdobramentos. Com a iniciativa da Mostra Olhares refor\u00e7amos essa tradi\u00e7\u00e3o e pioneirismo do audiovisual em sa\u00fade\u201d, conclui a organizadora.<\/p>\n\n\n\n<p>Fonte: Icict\/Fiocruz<\/p>\n","protected":false},"excerpt":{"rendered":"<p>No Dia Nacional da Sa\u00fade, a VideoSa\u00fade Distribuidora da Fiocruz lan\u00e7a o primeiro conjunto de<\/p>\n","protected":false},"author":2,"featured_media":580,"comment_status":"open","ping_status":"open","sticky":false,"template":"","format":"standard","meta":{"footnotes":""},"categories":[13],"tags":[],"class_list":["post-579","post","type-post","status-publish","format-standard","has-post-thumbnail","hentry","category-saude"],"_links":{"self":[{"href":"https:\/\/tvc16.com\/portal\/wp-json\/wp\/v2\/posts\/579","targetHints":{"allow":["GET"]}}],"collection":[{"href":"https:\/\/tvc16.com\/portal\/wp-json\/wp\/v2\/posts"}],"about":[{"href":"https:\/\/tvc16.com\/portal\/wp-json\/wp\/v2\/types\/post"}],"author":[{"embeddable":true,"href":"https:\/\/tvc16.com\/portal\/wp-json\/wp\/v2\/users\/2"}],"replies":[{"embeddable":true,"href":"https:\/\/tvc16.com\/portal\/wp-json\/wp\/v2\/comments?post=579"}],"version-history":[{"count":1,"href":"https:\/\/tvc16.com\/portal\/wp-json\/wp\/v2\/posts\/579\/revisions"}],"predecessor-version":[{"id":581,"href":"https:\/\/tvc16.com\/portal\/wp-json\/wp\/v2\/posts\/579\/revisions\/581"}],"wp:featuredmedia":[{"embeddable":true,"href":"https:\/\/tvc16.com\/portal\/wp-json\/wp\/v2\/media\/580"}],"wp:attachment":[{"href":"https:\/\/tvc16.com\/portal\/wp-json\/wp\/v2\/media?parent=579"}],"wp:term":[{"taxonomy":"category","embeddable":true,"href":"https:\/\/tvc16.com\/portal\/wp-json\/wp\/v2\/categories?post=579"},{"taxonomy":"post_tag","embeddable":true,"href":"https:\/\/tvc16.com\/portal\/wp-json\/wp\/v2\/tags?post=579"}],"curies":[{"name":"wp","href":"https:\/\/api.w.org\/{rel}","templated":true}]}}