{"id":5792,"date":"2020-11-16T10:10:35","date_gmt":"2020-11-16T13:10:35","guid":{"rendered":"https:\/\/tvc16.com\/portal\/?p=5792"},"modified":"2020-11-16T10:10:38","modified_gmt":"2020-11-16T13:10:38","slug":"volta-aos-exercicios","status":"publish","type":"post","link":"https:\/\/tvc16.com\/portal\/2020\/11\/16\/volta-aos-exercicios\/","title":{"rendered":"VOLTA AOS EXERC\u00cdCIOS"},"content":{"rendered":"\n<p>Os poss\u00edveis efeitos da Covid-19 no sistema respirat\u00f3rio e no cora\u00e7\u00e3o podem afetar a pr\u00e1tica esportiva. Foi pensando nisso que duas entidades de medicina criaram um documento com orienta\u00e7\u00f5es para o retorno seguro \u00e0s\u00a0<strong><a rel=\"noreferrer noopener\" target=\"_blank\" href=\"http:\/\/click.emailabril.com.br\/?qs=f0637d8aa959dcfc2eabb9fccbe0889fc7b6eee9078166038416316e689424b24266a2fe01d569e2af77567a7ad6550b7345e651cc1a058d\">atividades f\u00edsicas<\/a>\u00a0<\/strong>ap\u00f3s se recuperar da infec\u00e7\u00e3o. O primeiro ponto a se considerar \u00e9 avaliar a capacidade de transmitir a doen\u00e7a, isto \u00e9, ter cumprido ao menos 14 dias sem qualquer sintoma. Vale refletir tamb\u00e9m se o v\u00edrus deixou sequelas. Em casos, mais graves, \u00e9 bom\u00a0realizar uma avalia\u00e7\u00e3o profissional. Os especialistas indicam tamb\u00e9m que o retorno aos esportes seja progressivo, tanto para atletas profissionais quanto para os amadores.<\/p>\n","protected":false},"excerpt":{"rendered":"<p>Os poss\u00edveis efeitos da Covid-19 no sistema respirat\u00f3rio e no cora\u00e7\u00e3o podem afetar a pr\u00e1tica<\/p>\n","protected":false},"author":2,"featured_media":5793,"comment_status":"open","ping_status":"open","sticky":false,"template":"","format":"standard","meta":{"footnotes":""},"categories":[13],"tags":[],"class_list":["post-5792","post","type-post","status-publish","format-standard","has-post-thumbnail","hentry","category-saude"],"_links":{"self":[{"href":"https:\/\/tvc16.com\/portal\/wp-json\/wp\/v2\/posts\/5792","targetHints":{"allow":["GET"]}}],"collection":[{"href":"https:\/\/tvc16.com\/portal\/wp-json\/wp\/v2\/posts"}],"about":[{"href":"https:\/\/tvc16.com\/portal\/wp-json\/wp\/v2\/types\/post"}],"author":[{"embeddable":true,"href":"https:\/\/tvc16.com\/portal\/wp-json\/wp\/v2\/users\/2"}],"replies":[{"embeddable":true,"href":"https:\/\/tvc16.com\/portal\/wp-json\/wp\/v2\/comments?post=5792"}],"version-history":[{"count":1,"href":"https:\/\/tvc16.com\/portal\/wp-json\/wp\/v2\/posts\/5792\/revisions"}],"predecessor-version":[{"id":5794,"href":"https:\/\/tvc16.com\/portal\/wp-json\/wp\/v2\/posts\/5792\/revisions\/5794"}],"wp:featuredmedia":[{"embeddable":true,"href":"https:\/\/tvc16.com\/portal\/wp-json\/wp\/v2\/media\/5793"}],"wp:attachment":[{"href":"https:\/\/tvc16.com\/portal\/wp-json\/wp\/v2\/media?parent=5792"}],"wp:term":[{"taxonomy":"category","embeddable":true,"href":"https:\/\/tvc16.com\/portal\/wp-json\/wp\/v2\/categories?post=5792"},{"taxonomy":"post_tag","embeddable":true,"href":"https:\/\/tvc16.com\/portal\/wp-json\/wp\/v2\/tags?post=5792"}],"curies":[{"name":"wp","href":"https:\/\/api.w.org\/{rel}","templated":true}]}}