{"id":5798,"date":"2020-11-16T10:19:07","date_gmt":"2020-11-16T13:19:07","guid":{"rendered":"https:\/\/tvc16.com\/portal\/?p=5798"},"modified":"2020-11-16T10:19:10","modified_gmt":"2020-11-16T13:19:10","slug":"tse-finaliza-totalizacao-dos-votos-com-tres-horas-de-atraso","status":"publish","type":"post","link":"https:\/\/tvc16.com\/portal\/2020\/11\/16\/tse-finaliza-totalizacao-dos-votos-com-tres-horas-de-atraso\/","title":{"rendered":"TSE finaliza totaliza\u00e7\u00e3o dos votos com tr\u00eas horas de atraso"},"content":{"rendered":"\n<h2 class=\"wp-block-heading\">N\u00e3o houve risco \u00e0 seguran\u00e7a do sigilo dos votos, disse ministro<\/h2>\n\n\n\n<h4 class=\"wp-block-heading\">Por Andr\u00e9 Richter \u2013 Rep\u00f3rter da Ag\u00eancia Brasil &#8211; Bras\u00edlia<\/h4>\n\n\n\n<p>O presidente do Tribunal Superior Eleitoral (TSE), ministro Lu\u00eds Roberto Barroso, informou h\u00e1 pouco que a totaliza\u00e7\u00e3o dos votos do primeiro turno das elei\u00e7\u00f5es foi finalizada \u00e0s 23h55. Barroso reiterou que o atraso de tr\u00eas horas na divulga\u00e7\u00e3o dos resultados ocorreu devido a uma falha em um computador.&nbsp;<img decoding=\"async\" src=\"https:\/\/agenciabrasil.ebc.com.br\/ebc.png?id=1393618&amp;o=node\"><img decoding=\"async\" src=\"https:\/\/agenciabrasil.ebc.com.br\/ebc.gif?id=1393618&amp;o=node\"><\/p>\n\n\n\n<p>Segundo o ministro, n\u00e3o houve qualquer risco para integridade do sistema e \u00e0 seguran\u00e7a do sigilo dos votos, porque o problema ocorreu somente na divulga\u00e7\u00e3o. Os dados dos tribunais regionais eleitorais foram recebidos normalmente.&nbsp;<\/p>\n\n\n\n<p>\u201cLamento o atraso ocorrido. Ele decorreu, provavelmente, do aumento das medidas de seguran\u00e7a que n\u00f3s trouxemos para o sistema e de uma poss\u00edvel falha em um dos processadores. A demora n\u00e3o compromete a integridade do sistema, menos ainda uma demora de menos de tr\u00eas horas\u201d, garantiu.&nbsp;<\/p>\n\n\n\n<p>O presidente do TSE tamb\u00e9m afirmou que a centraliza\u00e7\u00e3o da totaliza\u00e7\u00e3o (soma) de votos no TSE foi uma recomenda\u00e7\u00e3o da Pol\u00edcia Federal (PF). Mais cedo, Barroso disse que n\u00e3o teve simpatia pela mudan\u00e7a, que foi realizada durante a gest\u00e3o da ex-presidente, ministra Rosa Weber. Nas elei\u00e7\u00f5es anteriores, a totaliza\u00e7\u00e3o era realizada pela Justi\u00e7a Eleitoral nos estados.&nbsp;<\/p>\n\n\n\n<p>\u201cFoi uma decis\u00e3o t\u00e9cnica decorrente de uma recomenda\u00e7\u00e3o da Pol\u00edcia Federal. Embora, eu tenha dito que n\u00e3o tinha simpatia pela medida, eu tamb\u00e9m a teria tomado se tivesse sido sob minha gest\u00e3o, porque era a recomenda\u00e7\u00e3o t\u00e9cnica de um relat\u00f3rio minucioso da PF a esse respeito\u201d, explicou.&nbsp;<\/p>\n\n\n\n<figure class=\"wp-block-image\"><a href=\"https:\/\/agenciabrasil.ebc.com.br\/tags\/eleicoes-2020\"><img decoding=\"async\" src=\"https:\/\/conteudo.ebc.com.br\/agencia\/2020\/eleicao\/divulga\/banner_eleicoes2020_miolo.jpg\" alt=\"\"\/><\/a><\/figure>\n\n\n\n<h2 class=\"wp-block-heading\">Absten\u00e7\u00e3o<\/h2>\n\n\n\n<p>Durante a coletiva de imprensa, Barroso informou que os \u00edndices de absten\u00e7\u00e3o do eleitorado no primeiro turno foram inferiores a 25%, n\u00famero um pouco superior em rela\u00e7\u00e3o \u00e0s elei\u00e7\u00f5es de 2018.&nbsp;<\/p>\n\n\n\n<p>\u201cQueria cumprimentar o eleitorado brasileiro, que compareceu em massa, apesar das circunst\u00e2ncias. N\u00f3s tivemos a preocupa\u00e7\u00e3o de dar m\u00e1xima seguran\u00e7a \u00e0 sa\u00fade de todos\u201d.&nbsp;<\/p>\n\n\n\n<p>Edi\u00e7\u00e3o: F\u00e1bio Massalli<\/p>\n","protected":false},"excerpt":{"rendered":"<p>N\u00e3o houve risco \u00e0 seguran\u00e7a do sigilo dos votos, disse ministro Por Andr\u00e9 Richter \u2013<\/p>\n","protected":false},"author":2,"featured_media":5799,"comment_status":"open","ping_status":"open","sticky":false,"template":"","format":"standard","meta":{"footnotes":""},"categories":[15],"tags":[],"class_list":["post-5798","post","type-post","status-publish","format-standard","has-post-thumbnail","hentry","category-politica"],"_links":{"self":[{"href":"https:\/\/tvc16.com\/portal\/wp-json\/wp\/v2\/posts\/5798","targetHints":{"allow":["GET"]}}],"collection":[{"href":"https:\/\/tvc16.com\/portal\/wp-json\/wp\/v2\/posts"}],"about":[{"href":"https:\/\/tvc16.com\/portal\/wp-json\/wp\/v2\/types\/post"}],"author":[{"embeddable":true,"href":"https:\/\/tvc16.com\/portal\/wp-json\/wp\/v2\/users\/2"}],"replies":[{"embeddable":true,"href":"https:\/\/tvc16.com\/portal\/wp-json\/wp\/v2\/comments?post=5798"}],"version-history":[{"count":1,"href":"https:\/\/tvc16.com\/portal\/wp-json\/wp\/v2\/posts\/5798\/revisions"}],"predecessor-version":[{"id":5800,"href":"https:\/\/tvc16.com\/portal\/wp-json\/wp\/v2\/posts\/5798\/revisions\/5800"}],"wp:featuredmedia":[{"embeddable":true,"href":"https:\/\/tvc16.com\/portal\/wp-json\/wp\/v2\/media\/5799"}],"wp:attachment":[{"href":"https:\/\/tvc16.com\/portal\/wp-json\/wp\/v2\/media?parent=5798"}],"wp:term":[{"taxonomy":"category","embeddable":true,"href":"https:\/\/tvc16.com\/portal\/wp-json\/wp\/v2\/categories?post=5798"},{"taxonomy":"post_tag","embeddable":true,"href":"https:\/\/tvc16.com\/portal\/wp-json\/wp\/v2\/tags?post=5798"}],"curies":[{"name":"wp","href":"https:\/\/api.w.org\/{rel}","templated":true}]}}