{"id":5801,"date":"2020-11-16T10:21:02","date_gmt":"2020-11-16T13:21:02","guid":{"rendered":"https:\/\/tvc16.com\/portal\/?p=5801"},"modified":"2020-11-16T10:21:04","modified_gmt":"2020-11-16T13:21:04","slug":"paes-e-crivella-vao-em-busca-de-33-milhoes-de-eleitores-no-rio","status":"publish","type":"post","link":"https:\/\/tvc16.com\/portal\/2020\/11\/16\/paes-e-crivella-vao-em-busca-de-33-milhoes-de-eleitores-no-rio\/","title":{"rendered":"Paes e Crivella v\u00e3o em busca de 3,3 milh\u00f5es de eleitores no Rio"},"content":{"rendered":"\n<h3 class=\"wp-block-heading\">Segundo turno das elei\u00e7\u00f5es ser\u00e1 dia 29 pr\u00f3ximo<\/h3>\n\n\n\n<h4 class=\"wp-block-heading\">Por Vitor Abdala &#8211; Rep\u00f3rter da Ag\u00eancia Brasil &#8211; Rio de Janeiro<\/h4>\n\n\n\n<p>Os candidatos que ir\u00e3o para o segundo turno da disputa pela prefeitura do Rio de Janeiro, Marcelo Crivella (Republicanos) e Eduardo Paes (DEM), v\u00e3o buscar agora 3,3 milh\u00f5es de eleitores. Esse \u00e9 o n\u00famero de pessoas que n\u00e3o compareceram \u00e0s urnas, votaram branco ou nulo ou que escolheram outros candidatos no primeiro turno da elei\u00e7\u00e3o.<img decoding=\"async\" src=\"https:\/\/agenciabrasil.ebc.com.br\/ebc.png?id=1393626&amp;o=node\"><img decoding=\"async\" src=\"https:\/\/agenciabrasil.ebc.com.br\/ebc.gif?id=1393626&amp;o=node\"><\/p>\n\n\n\n<p>O ex-prefeito Eduardo Paes ficou na primeira coloca\u00e7\u00e3o no primeiro turno, com 974,8 mil votos (ou 37,01% dos votos v\u00e1lidos). \u201cEssa cidade precisa de gest\u00e3o, de algu\u00e9m que d\u00ea solu\u00e7\u00e3o aos problemas que os cariocas enfrentam. Vou buscar o apoio de todos os cariocas, conversar com todos eles, sejam eles no campo ideol\u00f3gico \u00e0 direita ou \u00e0 esquerda\u201d, disse Paes.<\/p>\n\n\n\n<p>J\u00e1 o atual prefeito Marcelo Crivella obteve 576.825 votos (21,9% dos votos v\u00e1lidos). \u201c\u00c0s vezes, o candidato vai ao segundo turno com 30%, 35%, mas n\u00e3o votando nele tem 70%, 65%. \u00c9 esse eleitor, que n\u00e3o votou nele, que o advers\u00e1rio vai buscar e ele tamb\u00e9m. E \u00e9 isso que n\u00f3s vamos ver agora, no segundo turno, que vai ser eletrizante\u201d, disse Crivella.<\/p>\n\n\n\n<p>O primeiro foco dos candidatos est\u00e1 nos votos recebidos por outros candidatos, que s\u00e3o aquelas pessoas que decidiram (ou puderam) ir \u00e0s urnas e n\u00e3o quiseram votar em branco ou nulo.<\/p>\n\n\n\n<h2 class=\"wp-block-heading\">Votos<\/h2>\n\n\n\n<p>S\u00e3o 1,08 milh\u00e3o de eleitores, que votaram em Martha Rocha, do PDT (297,7 mil); Benedita da Silva, do PT (296,8 mil); Luiz Lima, do PSL (180,3 mil); Renata Souza, do PSOL (85,3 mil); Paulo Messina, do MDB (77,1 mil); Bandeira de Mello, da Rede (65,3 mil); Fred Luz, do Novo (46,2 mil); Gl\u00f3ria Heloiza (13,8 mil); Clarissa Garotinho, do PROS (12,2 mil); Su\u00ead Haidar, do PMB (3,8 mil); Cyro Garcia, do PSTU (3 mil); e Henrique Simonard (589 votos).<\/p>\n\n\n\n<p>Mas h\u00e1 tamb\u00e9m a possibilidade de convencer 627,1 mil eleitores que, no primeiro turno, n\u00e3o se viram representados por qualquer candidato e decidiram votar em branco ou nulo. Por fim, h\u00e1 ainda 1,59 milh\u00e3o de pessoas que n\u00e3o quiseram ou n\u00e3o puderam se deslocar at\u00e9 sua se\u00e7\u00e3o eleitoral para escolher o pr\u00f3ximo prefeito.<\/p>\n\n\n\n<p>Edi\u00e7\u00e3o: Kleber Sampaio<\/p>\n","protected":false},"excerpt":{"rendered":"<p>Segundo turno das elei\u00e7\u00f5es ser\u00e1 dia 29 pr\u00f3ximo Por Vitor Abdala &#8211; Rep\u00f3rter da Ag\u00eancia<\/p>\n","protected":false},"author":2,"featured_media":5802,"comment_status":"open","ping_status":"open","sticky":false,"template":"","format":"standard","meta":{"footnotes":""},"categories":[17],"tags":[],"class_list":["post-5801","post","type-post","status-publish","format-standard","has-post-thumbnail","hentry","category-outras-noticias"],"_links":{"self":[{"href":"https:\/\/tvc16.com\/portal\/wp-json\/wp\/v2\/posts\/5801","targetHints":{"allow":["GET"]}}],"collection":[{"href":"https:\/\/tvc16.com\/portal\/wp-json\/wp\/v2\/posts"}],"about":[{"href":"https:\/\/tvc16.com\/portal\/wp-json\/wp\/v2\/types\/post"}],"author":[{"embeddable":true,"href":"https:\/\/tvc16.com\/portal\/wp-json\/wp\/v2\/users\/2"}],"replies":[{"embeddable":true,"href":"https:\/\/tvc16.com\/portal\/wp-json\/wp\/v2\/comments?post=5801"}],"version-history":[{"count":1,"href":"https:\/\/tvc16.com\/portal\/wp-json\/wp\/v2\/posts\/5801\/revisions"}],"predecessor-version":[{"id":5803,"href":"https:\/\/tvc16.com\/portal\/wp-json\/wp\/v2\/posts\/5801\/revisions\/5803"}],"wp:featuredmedia":[{"embeddable":true,"href":"https:\/\/tvc16.com\/portal\/wp-json\/wp\/v2\/media\/5802"}],"wp:attachment":[{"href":"https:\/\/tvc16.com\/portal\/wp-json\/wp\/v2\/media?parent=5801"}],"wp:term":[{"taxonomy":"category","embeddable":true,"href":"https:\/\/tvc16.com\/portal\/wp-json\/wp\/v2\/categories?post=5801"},{"taxonomy":"post_tag","embeddable":true,"href":"https:\/\/tvc16.com\/portal\/wp-json\/wp\/v2\/tags?post=5801"}],"curies":[{"name":"wp","href":"https:\/\/api.w.org\/{rel}","templated":true}]}}