{"id":5804,"date":"2020-11-16T10:23:05","date_gmt":"2020-11-16T13:23:05","guid":{"rendered":"https:\/\/tvc16.com\/portal\/?p=5804"},"modified":"2020-11-16T10:23:08","modified_gmt":"2020-11-16T13:23:08","slug":"cne-garante-matricula-de-estudantes-estrangeiros-na-rede-publica","status":"publish","type":"post","link":"https:\/\/tvc16.com\/portal\/2020\/11\/16\/cne-garante-matricula-de-estudantes-estrangeiros-na-rede-publica\/","title":{"rendered":"CNE garante matr\u00edcula de estudantes estrangeiros na rede p\u00fablica"},"content":{"rendered":"\n<h2 class=\"wp-block-heading\">A medida entrar\u00e1 em vigor em 1\u00ba de dezembro deste ano<\/h2>\n\n\n\n<p>O Conselho Nacional de Educa\u00e7\u00e3o (CNE) aprovou medida que assegura o direito de matr\u00edcula de crian\u00e7as e adolescentes migrantes, refugiados, ap\u00e1tridas e solicitantes de ref\u00fagio nas redes p\u00fablicas de educa\u00e7\u00e3o b\u00e1sica brasileiras. A resolu\u00e7\u00e3o foi publicada hoje (16) no&nbsp;<a href=\"https:\/\/pesquisa.in.gov.br\/imprensa\/jsp\/visualiza\/index.jsp?data=16\/11\/2020&amp;jornal=515&amp;pagina=61\" target=\"_blank\" rel=\"noreferrer noopener\"><em>Di\u00e1rio Oficial da Uni\u00e3o<\/em><\/a>&nbsp;e diz que o acesso desse p\u00fablico \u00e0 escola deve acontecer sem discrimina\u00e7\u00e3o em raz\u00e3o de nacionalidade ou condi\u00e7\u00e3o migrat\u00f3ria e que n\u00e3o h\u00e1 a necessidade de documenta\u00e7\u00e3o comprobat\u00f3ria de escolaridade anterior.<img decoding=\"async\" src=\"https:\/\/agenciabrasil.ebc.com.br\/ebc.png?id=1393633&amp;o=node\"><img decoding=\"async\" src=\"https:\/\/agenciabrasil.ebc.com.br\/ebc.gif?id=1393633&amp;o=node\"><\/p>\n\n\n\n<p>O CNE atende aos princ\u00edpios da legisla\u00e7\u00e3o educacional do Brasil e de conven\u00e7\u00f5es internacionais, que asseguram o respeito \u00e0 diversidade, \u00e0 prote\u00e7\u00e3o de crian\u00e7as e adolescentes e ao respeito \u00e0 dignidade humana. Al\u00e9m disso, o documento cita a situa\u00e7\u00e3o dos refugiados venezuelanos que \u201cpossuem necessidade de prote\u00e7\u00e3o internacional, conforme os crit\u00e9rios contidos na Declara\u00e7\u00e3o de Cartagena, baseado nas amea\u00e7as \u00e0 sua vida, seguran\u00e7a ou liberdade resultante de eventos que atualmente est\u00e3o perturbando gravemente a ordem p\u00fablica na Venezuela\u201d.<\/p>\n\n\n\n<p>A matr\u00edcula na rede p\u00fablica do Brasil, uma vez demandada, dever\u00e1 ser facilitada, considerando-se a situa\u00e7\u00e3o de vulnerabilidade, e ser\u00e1 assegurada de imediato, inclusive na modalidade de educa\u00e7\u00e3o de jovens e adultos e, de acordo com a disponibilidade de vagas, em creches. A situa\u00e7\u00e3o migrat\u00f3ria irregular ou documentos fora do prazo de validade n\u00e3o devem ser impedimento para a matr\u00edcula das crian\u00e7as e adolescentes.<\/p>\n\n\n\n<p>Na aus\u00eancia de documenta\u00e7\u00e3o escolar, os estudantes estrangeiros ser\u00e3o avaliados e matriculados em qualquer etapa, conforme o seu desenvolvimento e faixa et\u00e1ria, exceto a matr\u00edcula na educa\u00e7\u00e3o infantil e no primeiro ano do ensino fundamental, que obedecer\u00e1 apenas ao crit\u00e9rio da idade da crian\u00e7a.<\/p>\n\n\n\n<p>O processo de avalia\u00e7\u00e3o dever\u00e1 ser feito na l\u00edngua materna do estudante, cabendo aos sistemas de ensino garantir esse atendimento. As avalia\u00e7\u00f5es de equival\u00eancia e classifica\u00e7\u00e3o tamb\u00e9m devem considerar a trajet\u00f3ria do estudante, sua l\u00edngua e cultura, e favorecer o seu acolhimento.<\/p>\n\n\n\n<p>A resolu\u00e7\u00e3o entrar\u00e1 em vigor em 1\u00ba de dezembro deste ano. As escolas devem organizar procedimentos para o acolhimento dos estudantes migrantes, com base na n\u00e3o discrimina\u00e7\u00e3o, preven\u00e7\u00e3o ao<em>&nbsp;bullying<\/em>, racismo e xenofobia e n\u00e3o segrega\u00e7\u00e3o entre alunos brasileiros e estrangeiros. Os professores e funcion\u00e1rios dever\u00e3o ser capacitados sobre pr\u00e1ticas de inclus\u00e3o desses alunos.<\/p>\n\n\n\n<p>Tamb\u00e9m dever\u00e3o ser observadas pr\u00e1ticas de atividades que valorizem a cultura dos alunos n\u00e3o brasileiros. Al\u00e9m disso, o ensino de portugu\u00eas dever\u00e1 ser ofertado como l\u00edngua de acolhimento, visando a inser\u00e7\u00e3o social \u00e0queles que detiverem pouco ou nenhum conhecimento da l\u00edngua portuguesa.<\/p>\n\n\n\n<p>Edi\u00e7\u00e3o: Val\u00e9ria Aguiar<\/p>\n","protected":false},"excerpt":{"rendered":"<p>A medida entrar\u00e1 em vigor em 1\u00ba de dezembro deste ano O Conselho Nacional de<\/p>\n","protected":false},"author":2,"featured_media":5805,"comment_status":"open","ping_status":"open","sticky":false,"template":"","format":"standard","meta":{"footnotes":""},"categories":[19],"tags":[],"class_list":["post-5804","post","type-post","status-publish","format-standard","has-post-thumbnail","hentry","category-educacao"],"_links":{"self":[{"href":"https:\/\/tvc16.com\/portal\/wp-json\/wp\/v2\/posts\/5804","targetHints":{"allow":["GET"]}}],"collection":[{"href":"https:\/\/tvc16.com\/portal\/wp-json\/wp\/v2\/posts"}],"about":[{"href":"https:\/\/tvc16.com\/portal\/wp-json\/wp\/v2\/types\/post"}],"author":[{"embeddable":true,"href":"https:\/\/tvc16.com\/portal\/wp-json\/wp\/v2\/users\/2"}],"replies":[{"embeddable":true,"href":"https:\/\/tvc16.com\/portal\/wp-json\/wp\/v2\/comments?post=5804"}],"version-history":[{"count":1,"href":"https:\/\/tvc16.com\/portal\/wp-json\/wp\/v2\/posts\/5804\/revisions"}],"predecessor-version":[{"id":5806,"href":"https:\/\/tvc16.com\/portal\/wp-json\/wp\/v2\/posts\/5804\/revisions\/5806"}],"wp:featuredmedia":[{"embeddable":true,"href":"https:\/\/tvc16.com\/portal\/wp-json\/wp\/v2\/media\/5805"}],"wp:attachment":[{"href":"https:\/\/tvc16.com\/portal\/wp-json\/wp\/v2\/media?parent=5804"}],"wp:term":[{"taxonomy":"category","embeddable":true,"href":"https:\/\/tvc16.com\/portal\/wp-json\/wp\/v2\/categories?post=5804"},{"taxonomy":"post_tag","embeddable":true,"href":"https:\/\/tvc16.com\/portal\/wp-json\/wp\/v2\/tags?post=5804"}],"curies":[{"name":"wp","href":"https:\/\/api.w.org\/{rel}","templated":true}]}}