{"id":5807,"date":"2020-11-16T10:34:57","date_gmt":"2020-11-16T13:34:57","guid":{"rendered":"https:\/\/tvc16.com\/portal\/?p=5807"},"modified":"2020-11-16T10:35:02","modified_gmt":"2020-11-16T13:35:02","slug":"auxilio-emergencial-e-creditado-para-36-milhoes-de-beneficiarios","status":"publish","type":"post","link":"https:\/\/tvc16.com\/portal\/2020\/11\/16\/auxilio-emergencial-e-creditado-para-36-milhoes-de-beneficiarios\/","title":{"rendered":"Aux\u00edlio emergencial \u00e9 creditado para 3,6 milh\u00f5es de benefici\u00e1rios"},"content":{"rendered":"\n<h3 class=\"wp-block-heading\">Caixa libera hoje R$ 1,4 bilh\u00e3o<\/h3>\n\n\n\n<h4 class=\"wp-block-heading\">Por Kelly Oliveira \u2013 Rep\u00f3rter da Ag\u00eancia Brasil &#8211; Bras\u00edlia<\/h4>\n\n\n\n<p>O cr\u00e9dito do aux\u00edlio emergencial ser\u00e1 liberado hoje (16) para 3,6 milh\u00f5es de brasileiros nascidos em outubro. Os benefici\u00e1rios do ciclo 4 de pagamentos receber\u00e3o R$ 1,4 bilh\u00e3o distribu\u00eddo em suas contas da poupan\u00e7a social digital, informou a Caixa Econ\u00f4mica Federal.<img decoding=\"async\" src=\"https:\/\/agenciabrasil.ebc.com.br\/ebc.png?id=1393632&amp;o=node\"><img decoding=\"async\" src=\"https:\/\/agenciabrasil.ebc.com.br\/ebc.gif?id=1393632&amp;o=node\"><\/p>\n\n\n\n<p>Desse total, 660,1 mil receber\u00e3o R$ 432,6 milh\u00f5es referentes \u00e0s parcelas do aux\u00edlio emergencial. Os demais, 2,9 milh\u00f5es, ser\u00e3o contemplados com a segunda parcela do Aux\u00edlio Emergencial Extens\u00e3o, somando 957,6 milh\u00f5es.<\/p>\n\n\n\n<p>A partir de hoje, os valores podem ser movimentados pelo aplicativo Caixa Tem para pagamento de boletos, compras na internet e pelas maquininhas em mais de um milh\u00e3o de estabelecimentos comerciais.<\/p>\n\n\n\n<p>O benef\u00edcio, criado em abril pelo governo federal, foi estendido at\u00e9 31 de dezembro por meio da Medida Provis\u00f3ria (MP) n\u00ba 1000.<\/p>\n\n\n\n<p>O Aux\u00edlio Emergencial Extens\u00e3o ser\u00e1 pago em at\u00e9 quatro parcelas de R$ 300 cada e, no caso das m\u00e3es chefes de fam\u00edlia monoparental, o valor \u00e9 de R$ 600.<\/p>\n\n\n\n<p>Saques e transfer\u00eancias para quem recebe o cr\u00e9dito nesta segunda-feira ser\u00e3o liberados a partir do dia 1\u00ba de dezembro.<\/p>\n\n\n\n<p>Edi\u00e7\u00e3o: Kleber Sampaio<\/p>\n","protected":false},"excerpt":{"rendered":"<p>Caixa libera hoje R$ 1,4 bilh\u00e3o Por Kelly Oliveira \u2013 Rep\u00f3rter da Ag\u00eancia Brasil &#8211;<\/p>\n","protected":false},"author":2,"featured_media":5808,"comment_status":"open","ping_status":"open","sticky":false,"template":"","format":"standard","meta":{"footnotes":""},"categories":[18],"tags":[],"class_list":["post-5807","post","type-post","status-publish","format-standard","has-post-thumbnail","hentry","category-economia"],"_links":{"self":[{"href":"https:\/\/tvc16.com\/portal\/wp-json\/wp\/v2\/posts\/5807","targetHints":{"allow":["GET"]}}],"collection":[{"href":"https:\/\/tvc16.com\/portal\/wp-json\/wp\/v2\/posts"}],"about":[{"href":"https:\/\/tvc16.com\/portal\/wp-json\/wp\/v2\/types\/post"}],"author":[{"embeddable":true,"href":"https:\/\/tvc16.com\/portal\/wp-json\/wp\/v2\/users\/2"}],"replies":[{"embeddable":true,"href":"https:\/\/tvc16.com\/portal\/wp-json\/wp\/v2\/comments?post=5807"}],"version-history":[{"count":1,"href":"https:\/\/tvc16.com\/portal\/wp-json\/wp\/v2\/posts\/5807\/revisions"}],"predecessor-version":[{"id":5809,"href":"https:\/\/tvc16.com\/portal\/wp-json\/wp\/v2\/posts\/5807\/revisions\/5809"}],"wp:featuredmedia":[{"embeddable":true,"href":"https:\/\/tvc16.com\/portal\/wp-json\/wp\/v2\/media\/5808"}],"wp:attachment":[{"href":"https:\/\/tvc16.com\/portal\/wp-json\/wp\/v2\/media?parent=5807"}],"wp:term":[{"taxonomy":"category","embeddable":true,"href":"https:\/\/tvc16.com\/portal\/wp-json\/wp\/v2\/categories?post=5807"},{"taxonomy":"post_tag","embeddable":true,"href":"https:\/\/tvc16.com\/portal\/wp-json\/wp\/v2\/tags?post=5807"}],"curies":[{"name":"wp","href":"https:\/\/api.w.org\/{rel}","templated":true}]}}