{"id":5810,"date":"2020-11-16T10:37:57","date_gmt":"2020-11-16T13:37:57","guid":{"rendered":"https:\/\/tvc16.com\/portal\/?p=5810"},"modified":"2020-11-16T10:38:03","modified_gmt":"2020-11-16T13:38:03","slug":"estimativa-de-inflacao-sobe-para-325-neste-ano","status":"publish","type":"post","link":"https:\/\/tvc16.com\/portal\/2020\/11\/16\/estimativa-de-inflacao-sobe-para-325-neste-ano\/","title":{"rendered":"Estimativa de infla\u00e7\u00e3o sobe para 3,25% neste ano"},"content":{"rendered":"\n<h3 class=\"wp-block-heading\">Para 2021, a proje\u00e7\u00e3o passou de 3,17% para 3,22% na quarta eleva\u00e7\u00e3o<\/h3>\n\n\n\n<h4 class=\"wp-block-heading\"><\/h4>\n\n\n\n<p>O mercado financeiro aumentou a estimativa de infla\u00e7\u00e3o para este ano. A previs\u00e3o para o \u00cdndice Nacional de Pre\u00e7os ao Consumidor Amplo (IPCA) subiu de 3,20% para 3,25%, de acordo com o boletim Focus, publica\u00e7\u00e3o divulgada todas as semanas pelo Banco Central (BC), com a proje\u00e7\u00e3o para os principais indicadores econ\u00f4micos.<img decoding=\"async\" src=\"https:\/\/agenciabrasil.ebc.com.br\/ebc.png?id=1393636&amp;o=node\"><img decoding=\"async\" src=\"https:\/\/agenciabrasil.ebc.com.br\/ebc.gif?id=1393636&amp;o=node\"><\/p>\n\n\n\n<p>Essa foi a 14\u00ba eleva\u00e7\u00e3o seguida na estimativa. Para 2021, a proje\u00e7\u00e3o&nbsp;de infla\u00e7\u00e3o passou de 3,17% para 3,22%, na&nbsp;quarta&nbsp;eleva\u00e7\u00e3o seguida. A previs\u00e3o para 2022 e 2023 n\u00e3o teve altera\u00e7\u00e3o: 3,50% e 3,25%, respectivamente.<\/p>\n\n\n\n<p>A proje\u00e7\u00e3o para 2020 est\u00e1 abaixo do centro da meta de infla\u00e7\u00e3o que deve ser perseguida pelo BC. A meta, definida pelo Conselho Monet\u00e1rio Nacional, tem centro de 4% em 2020, com intervalo de toler\u00e2ncia de 1,5 ponto percentual para cima ou para baixo. Ou seja, o limite inferior \u00e9 2,5% e o superior, 5,5%.<\/p>\n\n\n\n<p>Para 2021, a meta \u00e9 3,75%, para 2022, 3,50%, e para 2023, 3,25%, com intervalo de 1,5 ponto percentual para cima ou para baixo, em cada ano.<\/p>\n\n\n\n<h2 class=\"wp-block-heading\">Selic<\/h2>\n\n\n\n<p>Para alcan\u00e7ar a meta de infla\u00e7\u00e3o, o Banco Central usa como principal instrumento a taxa b\u00e1sica de juros, a Selic, atualmente em 2% ao ano.<\/p>\n\n\n\n<p>A expectativa das institui\u00e7\u00f5es financeiras \u00e9 que a Selic encerre 2020 em 2% ao ano. A \u00faltima reuni\u00e3o de 2020 do Comit\u00ea de Pol\u00edtica Monet\u00e1ria (Copom), respons\u00e1vel por definir a Selic, est\u00e1 marcada para dezembro.<\/p>\n\n\n\n<p>Para o fim de 2021, a expectativa \u00e9 que a taxa b\u00e1sica chegue a 2,75% ao ano. Para o fim de 2022, a previs\u00e3o \u00e9 4,5% ao ano e para o final de 2023, 6% ao ano.<\/p>\n\n\n\n<p>Quando o Copom reduz a Selic, a tend\u00eancia \u00e9 que o cr\u00e9dito fique mais barato, com incentivo \u00e0 produ\u00e7\u00e3o e ao consumo, reduzindo o controle da infla\u00e7\u00e3o e estimulando a atividade econ\u00f4mica. Entretanto, os bancos consideram outros fatores na hora de definir os juros cobrados dos consumidores, como risco de inadimpl\u00eancia, lucro e despesas administrativas.<\/p>\n\n\n\n<p>Quando o Copom aumenta a taxa b\u00e1sica de juros, o objetivo \u00e9 conter a demanda aquecida, e isso causa reflexos nos pre\u00e7os porque os juros mais altos encarecem o cr\u00e9dito e estimulam a poupan\u00e7a.<\/p>\n\n\n\n<p>E quando a Selic \u00e9 mantida, o Copom considera que ajustes anteriores foram suficientes para manter a infla\u00e7\u00e3o sob controle<\/p>\n\n\n\n<h2 class=\"wp-block-heading\">Atividade econ\u00f4mica<\/h2>\n\n\n\n<p>A previs\u00e3o do mercado financeiro para a queda da economia brasileira este ano foi ajustada de 4,80% para 4,66%.<\/p>\n\n\n\n<p>Para o pr\u00f3ximo ano, a expectativa de crescimento foi mantida em 3,31%. Em 2022 e 2023, o mercado financeiro continua a projetar expans\u00e3o de 2,50% do PIB.<\/p>\n\n\n\n<h2 class=\"wp-block-heading\">D\u00f3lar<\/h2>\n\n\n\n<p>A previs\u00e3o para a cota\u00e7\u00e3o do d\u00f3lar passou de R$ 5,45 para R$ 5,41, neste ano, e foi mantida em R$ 5,20, em 2021.<\/p>\n\n\n\n<p>Por Kelly Oliveira &#8211; Rep\u00f3rter da Ag\u00eancia Brasil &#8211; Bras\u00edlia<\/p>\n\n\n\n<p>Edi\u00e7\u00e3o: Maria Claudia<\/p>\n","protected":false},"excerpt":{"rendered":"<p>Para 2021, a proje\u00e7\u00e3o passou de 3,17% para 3,22% na quarta eleva\u00e7\u00e3o O mercado financeiro<\/p>\n","protected":false},"author":2,"featured_media":5811,"comment_status":"open","ping_status":"open","sticky":false,"template":"","format":"standard","meta":{"footnotes":""},"categories":[18],"tags":[],"class_list":["post-5810","post","type-post","status-publish","format-standard","has-post-thumbnail","hentry","category-economia"],"_links":{"self":[{"href":"https:\/\/tvc16.com\/portal\/wp-json\/wp\/v2\/posts\/5810","targetHints":{"allow":["GET"]}}],"collection":[{"href":"https:\/\/tvc16.com\/portal\/wp-json\/wp\/v2\/posts"}],"about":[{"href":"https:\/\/tvc16.com\/portal\/wp-json\/wp\/v2\/types\/post"}],"author":[{"embeddable":true,"href":"https:\/\/tvc16.com\/portal\/wp-json\/wp\/v2\/users\/2"}],"replies":[{"embeddable":true,"href":"https:\/\/tvc16.com\/portal\/wp-json\/wp\/v2\/comments?post=5810"}],"version-history":[{"count":1,"href":"https:\/\/tvc16.com\/portal\/wp-json\/wp\/v2\/posts\/5810\/revisions"}],"predecessor-version":[{"id":5812,"href":"https:\/\/tvc16.com\/portal\/wp-json\/wp\/v2\/posts\/5810\/revisions\/5812"}],"wp:featuredmedia":[{"embeddable":true,"href":"https:\/\/tvc16.com\/portal\/wp-json\/wp\/v2\/media\/5811"}],"wp:attachment":[{"href":"https:\/\/tvc16.com\/portal\/wp-json\/wp\/v2\/media?parent=5810"}],"wp:term":[{"taxonomy":"category","embeddable":true,"href":"https:\/\/tvc16.com\/portal\/wp-json\/wp\/v2\/categories?post=5810"},{"taxonomy":"post_tag","embeddable":true,"href":"https:\/\/tvc16.com\/portal\/wp-json\/wp\/v2\/tags?post=5810"}],"curies":[{"name":"wp","href":"https:\/\/api.w.org\/{rel}","templated":true}]}}