{"id":5814,"date":"2020-11-16T14:28:29","date_gmt":"2020-11-16T17:28:29","guid":{"rendered":"https:\/\/tvc16.com\/portal\/?p=5814"},"modified":"2020-11-16T14:28:31","modified_gmt":"2020-11-16T17:28:31","slug":"pastoral-da-caridade-realiza-almoco-beneficente-para-arrecadar-fundos","status":"publish","type":"post","link":"https:\/\/tvc16.com\/portal\/2020\/11\/16\/pastoral-da-caridade-realiza-almoco-beneficente-para-arrecadar-fundos\/","title":{"rendered":"Pastoral da Caridade realiza almo\u00e7o beneficente para arrecadar fundos"},"content":{"rendered":"\n<p>Os convites j\u00e1 est\u00e3o \u00e0 vendas nas par\u00f3quias de Petr\u00f3polis<\/p>\n\n\n\n<p>No pr\u00f3ximo domingo, 22, a Pastoral da Caridade da Diocese de Petr\u00f3polis realiza um  almo\u00e7o para ajudar a manter as obras nas pastorais sociais e tamb\u00e9m a ch\u00e1cara, Nossa Senhora Aparecida, no Meio da Serra, que atende pessoas em situa\u00e7\u00e3o vulner\u00e1vel.<\/p>\n\n\n\n<p>Padre Rafael que \u00e9 o respons\u00e1vel pela Pastoral da Caridade em Petr\u00f3polis, faz o convite e pede a todos os fi\u00e9is e a  todas as pessoas, que queiram ajudar a manter a obra das pastorais sociais, que colaborem. Neste dia, ser\u00e1 realizado um drive-thru, onde ser\u00e1 entregue o almo\u00e7o. A verba ser\u00e1 revertida para a manuten\u00e7\u00e3o das obras de caridade. <\/p>\n\n\n\n<p>Card\u00e1pio do almo\u00e7o: Frango \u00e0 parmegiana, arroz e batata sout\u00e8.<\/p>\n\n\n\n<p>Valor: R$12,00<\/p>\n\n\n\n<figure class=\"wp-block-image size-large\"><img loading=\"lazy\" decoding=\"async\" width=\"1007\" height=\"602\" src=\"https:\/\/tvc16.com\/portal\/wp-content\/uploads\/2020\/11\/20201116_141006.jpg\" alt=\"\" class=\"wp-image-5815\" srcset=\"https:\/\/tvc16.com\/portal\/wp-content\/uploads\/2020\/11\/20201116_141006.jpg 1007w, https:\/\/tvc16.com\/portal\/wp-content\/uploads\/2020\/11\/20201116_141006-300x179.jpg 300w, https:\/\/tvc16.com\/portal\/wp-content\/uploads\/2020\/11\/20201116_141006-768x459.jpg 768w\" sizes=\"auto, (max-width: 1007px) 100vw, 1007px\" \/><figcaption>Padre Rafael<\/figcaption><\/figure>\n\n\n\n<p><\/p>\n","protected":false},"excerpt":{"rendered":"<p>Os convites j\u00e1 est\u00e3o \u00e0 vendas nas par\u00f3quias de Petr\u00f3polis No pr\u00f3ximo domingo, 22, a<\/p>\n","protected":false},"author":2,"featured_media":5816,"comment_status":"open","ping_status":"open","sticky":false,"template":"","format":"standard","meta":{"footnotes":""},"categories":[12],"tags":[],"class_list":["post-5814","post","type-post","status-publish","format-standard","has-post-thumbnail","hentry","category-cidade"],"_links":{"self":[{"href":"https:\/\/tvc16.com\/portal\/wp-json\/wp\/v2\/posts\/5814","targetHints":{"allow":["GET"]}}],"collection":[{"href":"https:\/\/tvc16.com\/portal\/wp-json\/wp\/v2\/posts"}],"about":[{"href":"https:\/\/tvc16.com\/portal\/wp-json\/wp\/v2\/types\/post"}],"author":[{"embeddable":true,"href":"https:\/\/tvc16.com\/portal\/wp-json\/wp\/v2\/users\/2"}],"replies":[{"embeddable":true,"href":"https:\/\/tvc16.com\/portal\/wp-json\/wp\/v2\/comments?post=5814"}],"version-history":[{"count":1,"href":"https:\/\/tvc16.com\/portal\/wp-json\/wp\/v2\/posts\/5814\/revisions"}],"predecessor-version":[{"id":5817,"href":"https:\/\/tvc16.com\/portal\/wp-json\/wp\/v2\/posts\/5814\/revisions\/5817"}],"wp:featuredmedia":[{"embeddable":true,"href":"https:\/\/tvc16.com\/portal\/wp-json\/wp\/v2\/media\/5816"}],"wp:attachment":[{"href":"https:\/\/tvc16.com\/portal\/wp-json\/wp\/v2\/media?parent=5814"}],"wp:term":[{"taxonomy":"category","embeddable":true,"href":"https:\/\/tvc16.com\/portal\/wp-json\/wp\/v2\/categories?post=5814"},{"taxonomy":"post_tag","embeddable":true,"href":"https:\/\/tvc16.com\/portal\/wp-json\/wp\/v2\/tags?post=5814"}],"curies":[{"name":"wp","href":"https:\/\/api.w.org\/{rel}","templated":true}]}}