{"id":5818,"date":"2020-11-16T18:54:09","date_gmt":"2020-11-16T21:54:09","guid":{"rendered":"https:\/\/tvc16.com\/portal\/?p=5818"},"modified":"2020-11-16T18:54:11","modified_gmt":"2020-11-16T21:54:11","slug":"chove-forte-em-petropolis-varios-bairros-foram-atingidos","status":"publish","type":"post","link":"https:\/\/tvc16.com\/portal\/2020\/11\/16\/chove-forte-em-petropolis-varios-bairros-foram-atingidos\/","title":{"rendered":"Chove forte em Petr\u00f3polis. V\u00e1rios bairros foram atingidos"},"content":{"rendered":"\n<p>Alagamentos, queda de fia\u00e7\u00e3o, \u00e1rvores e deslizamentos assustaram moradores em v\u00e1rios localidades do munic\u00edpio. N\u00e3o h\u00e1 informa\u00e7\u00f5es de v\u00edtimas fatais. <\/p>\n\n\n\n<p>A Secretaria de Defesa Civil e A\u00e7\u00f5es Volunt\u00e1rias registrou sete ocorr\u00eancias nas \u00faltimas horas. Foram observados pontos de alagamento na Rua Coronel Veiga, no bairro Mosela e ainda a queda de uma \u00e1rvore na Castel\u00e2nea. As situa\u00e7\u00f5es mais graves aconteceram em Pedro do Rio e Vila Rica, com um grande volume de \u00e1gua atingindo alguns im\u00f3veis. T\u00e9cnicos da Defesa Civil e Assist\u00eancia Social est\u00e3o no local dando todo suporte para duas fam\u00edlias que ficaram desalojadas em Vila Rica. Equipes da Comdep tamb\u00e9m foram deslocadas para realizar a limpeza da localidade. \u200bN\u00e3o houve protocolo para o acionamento de nenhuma sirene at\u00e9 o momento. O maior \u00edndice de chuva foi registrado na Duarte da Silveira, 27 mil\u00edmetros em 1 hora.<\/p>\n\n\n\n<figure class=\"wp-block-image size-large is-resized\"><img loading=\"lazy\" decoding=\"async\" src=\"https:\/\/tvc16.com\/portal\/wp-content\/uploads\/2020\/11\/WhatsApp-Image-2020-11-16-at-17.35.19-4-1024x768.jpeg\" alt=\"\" class=\"wp-image-5819\" width=\"448\" height=\"336\" srcset=\"https:\/\/tvc16.com\/portal\/wp-content\/uploads\/2020\/11\/WhatsApp-Image-2020-11-16-at-17.35.19-4-1024x768.jpeg 1024w, https:\/\/tvc16.com\/portal\/wp-content\/uploads\/2020\/11\/WhatsApp-Image-2020-11-16-at-17.35.19-4-300x225.jpeg 300w, https:\/\/tvc16.com\/portal\/wp-content\/uploads\/2020\/11\/WhatsApp-Image-2020-11-16-at-17.35.19-4-768x576.jpeg 768w, https:\/\/tvc16.com\/portal\/wp-content\/uploads\/2020\/11\/WhatsApp-Image-2020-11-16-at-17.35.19-4-200x150.jpeg 200w, https:\/\/tvc16.com\/portal\/wp-content\/uploads\/2020\/11\/WhatsApp-Image-2020-11-16-at-17.35.19-4.jpeg 1032w\" sizes=\"auto, (max-width: 448px) 100vw, 448px\" \/><\/figure>\n\n\n\n<p>Moradores da Mosela registraram parte dos alagamentos que ocorreram na regi\u00e3o ap\u00f3s o temporal de hoje (16).<\/p>\n\n\n\n<figure class=\"wp-block-image size-large is-resized\"><img loading=\"lazy\" decoding=\"async\" src=\"https:\/\/tvc16.com\/portal\/wp-content\/uploads\/2020\/11\/20201116_183656-652x1024.jpg\" alt=\"\" class=\"wp-image-5820\" width=\"329\" height=\"515\" srcset=\"https:\/\/tvc16.com\/portal\/wp-content\/uploads\/2020\/11\/20201116_183656-191x300.jpg 191w, https:\/\/tvc16.com\/portal\/wp-content\/uploads\/2020\/11\/20201116_183656-768x1205.jpg 768w, https:\/\/tvc16.com\/portal\/wp-content\/uploads\/2020\/11\/20201116_183656-979x1536.jpg 979w, https:\/\/tvc16.com\/portal\/wp-content\/uploads\/2020\/11\/20201116_183656.jpg 1080w\" sizes=\"auto, (max-width: 329px) 100vw, 329px\" \/><\/figure>\n\n\n\n<p>\u00c1rvore cai no Boa Vista e atinge fia\u00e7\u00e3o de energia el\u00e9trica. Moradores afirmam que a energia continua ligada e oferece risco.<\/p>\n\n\n\n<figure class=\"wp-block-image size-large is-resized\"><img loading=\"lazy\" decoding=\"async\" src=\"https:\/\/tvc16.com\/portal\/wp-content\/uploads\/2020\/11\/20201116_183747-817x1024.jpg\" alt=\"\" class=\"wp-image-5821\" width=\"349\" height=\"437\" srcset=\"https:\/\/tvc16.com\/portal\/wp-content\/uploads\/2020\/11\/20201116_183747-817x1024.jpg 817w, https:\/\/tvc16.com\/portal\/wp-content\/uploads\/2020\/11\/20201116_183747-239x300.jpg 239w, https:\/\/tvc16.com\/portal\/wp-content\/uploads\/2020\/11\/20201116_183747-768x962.jpg 768w, https:\/\/tvc16.com\/portal\/wp-content\/uploads\/2020\/11\/20201116_183747.jpg 1080w\" sizes=\"auto, (max-width: 349px) 100vw, 349px\" \/><\/figure>\n\n\n\n<p>J\u00e1 no bairro Quitandinha foi registrado alagamento nesta segunda-feira.<\/p>\n\n\n\n<p>O Instituto Nacional de Meteorologia emitiu nesta segunda-feira (16), um alerta de tempestade para todo o estado do Rio de Janeiro, incluindo a Regi\u00e3o Serrana. As pancadas de chuva em Petr\u00f3polis j\u00e1 marcaram presen\u00e7a hoje, e causaram transtornos em diferentes pontos da cidade.<\/p>\n\n\n\n<p> No Quitandinha, por exemplo, houve alagamento pr\u00f3ximo a igreja. Vale ressaltar, que as pancadas de chuva podem ocorrer at\u00e9 a manh\u00e3 desta ter\u00e7a-feira (17) com at\u00e9 50 mil\u00edmetros por dia. De acordo com o INMET, podem ser registrados tamb\u00e9m ventos intensos e chuva de granizo. <\/p>\n\n\n\n<p>Diante disso, a Defesa Civil est\u00e1 de prontid\u00e3o e qualquer sinal de instabilidade em terrenos ou casas, devem ser comunicados a Secretaria pelo telefone 199.<\/p>\n\n\n\n<p>O temporal registrado na maior parte da cidade nesta segunda-feira (16) causou transtornos. A Rua Coronel Veiga, por exemplo, alagou. <\/p>\n\n\n\n<figure class=\"wp-block-image size-large is-resized\"><img loading=\"lazy\" decoding=\"async\" src=\"https:\/\/tvc16.com\/portal\/wp-content\/uploads\/2020\/11\/20201116_183644-619x1024.jpg\" alt=\"\" class=\"wp-image-5823\" width=\"305\" height=\"504\" srcset=\"https:\/\/tvc16.com\/portal\/wp-content\/uploads\/2020\/11\/20201116_183644-619x1024.jpg 619w, https:\/\/tvc16.com\/portal\/wp-content\/uploads\/2020\/11\/20201116_183644-181x300.jpg 181w, https:\/\/tvc16.com\/portal\/wp-content\/uploads\/2020\/11\/20201116_183644-768x1270.jpg 768w, https:\/\/tvc16.com\/portal\/wp-content\/uploads\/2020\/11\/20201116_183644-929x1536.jpg 929w, https:\/\/tvc16.com\/portal\/wp-content\/uploads\/2020\/11\/20201116_183644.jpg 1061w\" sizes=\"auto, (max-width: 305px) 100vw, 305px\" \/><\/figure>\n\n\n\n<p>                                   J\u00e1 na BR-040 houve queda de barreira<\/p>\n\n\n\n<figure class=\"wp-block-image size-large is-resized\"><img loading=\"lazy\" decoding=\"async\" src=\"https:\/\/tvc16.com\/portal\/wp-content\/uploads\/2020\/11\/20201116_183732-911x1024.jpg\" alt=\"\" class=\"wp-image-5822\" width=\"577\" height=\"648\" srcset=\"https:\/\/tvc16.com\/portal\/wp-content\/uploads\/2020\/11\/20201116_183732-911x1024.jpg 911w, https:\/\/tvc16.com\/portal\/wp-content\/uploads\/2020\/11\/20201116_183732-267x300.jpg 267w, https:\/\/tvc16.com\/portal\/wp-content\/uploads\/2020\/11\/20201116_183732-768x863.jpg 768w, https:\/\/tvc16.com\/portal\/wp-content\/uploads\/2020\/11\/20201116_183732.jpg 1075w\" sizes=\"auto, (max-width: 577px) 100vw, 577px\" \/><\/figure>\n\n\n\n<p>A barreira atingiu os dois sentidos da rodovia, pouco antes das 16h. As duas pistas est\u00e3o operando no momento parcialmente, com lentid\u00e3o pontual.<\/p>\n\n\n\n<p>Km 52, Pedro do Rio, em Petr\u00f3polis. As equipes permanecem trabalhando no trecho. A Concer informou que o Km 52 (altura da Cervejaria Itaipava), na BR-040, est\u00e1 em meia pista, sentido Rio de Janeiro, devido \u00e0 queda de uma barreira.<\/p>\n","protected":false},"excerpt":{"rendered":"<p>Alagamentos, queda de fia\u00e7\u00e3o, \u00e1rvores e deslizamentos assustaram moradores em v\u00e1rios localidades do munic\u00edpio. N\u00e3o<\/p>\n","protected":false},"author":2,"featured_media":5824,"comment_status":"open","ping_status":"open","sticky":false,"template":"","format":"standard","meta":{"footnotes":""},"categories":[12],"tags":[],"class_list":["post-5818","post","type-post","status-publish","format-standard","has-post-thumbnail","hentry","category-cidade"],"_links":{"self":[{"href":"https:\/\/tvc16.com\/portal\/wp-json\/wp\/v2\/posts\/5818","targetHints":{"allow":["GET"]}}],"collection":[{"href":"https:\/\/tvc16.com\/portal\/wp-json\/wp\/v2\/posts"}],"about":[{"href":"https:\/\/tvc16.com\/portal\/wp-json\/wp\/v2\/types\/post"}],"author":[{"embeddable":true,"href":"https:\/\/tvc16.com\/portal\/wp-json\/wp\/v2\/users\/2"}],"replies":[{"embeddable":true,"href":"https:\/\/tvc16.com\/portal\/wp-json\/wp\/v2\/comments?post=5818"}],"version-history":[{"count":1,"href":"https:\/\/tvc16.com\/portal\/wp-json\/wp\/v2\/posts\/5818\/revisions"}],"predecessor-version":[{"id":5825,"href":"https:\/\/tvc16.com\/portal\/wp-json\/wp\/v2\/posts\/5818\/revisions\/5825"}],"wp:featuredmedia":[{"embeddable":true,"href":"https:\/\/tvc16.com\/portal\/wp-json\/wp\/v2\/media\/5824"}],"wp:attachment":[{"href":"https:\/\/tvc16.com\/portal\/wp-json\/wp\/v2\/media?parent=5818"}],"wp:term":[{"taxonomy":"category","embeddable":true,"href":"https:\/\/tvc16.com\/portal\/wp-json\/wp\/v2\/categories?post=5818"},{"taxonomy":"post_tag","embeddable":true,"href":"https:\/\/tvc16.com\/portal\/wp-json\/wp\/v2\/tags?post=5818"}],"curies":[{"name":"wp","href":"https:\/\/api.w.org\/{rel}","templated":true}]}}