{"id":5826,"date":"2020-11-16T19:03:36","date_gmt":"2020-11-16T22:03:36","guid":{"rendered":"https:\/\/tvc16.com\/portal\/?p=5826"},"modified":"2020-11-16T19:03:38","modified_gmt":"2020-11-16T22:03:38","slug":"estado-do-rio-recebe-r-14-milhao-do-programa-de-aquisicao-de-alimentos","status":"publish","type":"post","link":"https:\/\/tvc16.com\/portal\/2020\/11\/16\/estado-do-rio-recebe-r-14-milhao-do-programa-de-aquisicao-de-alimentos\/","title":{"rendered":"Estado do Rio recebe R$ 1,4 milh\u00e3o do Programa de Aquisi\u00e7\u00e3o de Alimentos"},"content":{"rendered":"\n<p>A <em>Medida vai beneficiar mais de mil agricultores familiares locais e 110 mil pessoas em situa\u00e7\u00e3o de vulnerabilidade social<\/em><\/p>\n\n\n\n<p>O Estado do Rio de Janeiro receber\u00e1 R$ 1,4 milh\u00e3o provenientes do Programa de Aquisi\u00e7\u00e3o de Alimentos (PAA), do Minist\u00e9rio da Cidadania, para incentivar a produ\u00e7\u00e3o dos agricultores fluminenses e promover o acesso \u00e0 alimenta\u00e7\u00e3o. O termo de ades\u00e3o foi assinado, nesta segunda-feira (16\/11), pelo governador em exerc\u00edcio, Cl\u00e1udio Castro, e pelo ministro da Cidadania, Onyx Lorenzoni, em cerim\u00f4nia no Pal\u00e1cio Guanabara. Este ano, o estado j\u00e1 recebeu mais de R$ 7 milh\u00f5es do programa.<\/p>\n\n\n\n<p>A a\u00e7\u00e3o tem como objetivo beneficiar mais de mil agricultores familiares locais e atender cerca de 110 mil pessoas que se encontram em situa\u00e7\u00e3o de vulnerabilidade social, com as doa\u00e7\u00f5es de 2.729 toneladas de alimentos. Dos 92 munic\u00edpios do Rio de Janeiro, 69 participam do PAA.<\/p>\n\n\n\n<p>&#8211; Hoje, o Rio de Janeiro volta a olhar e debater sobre a pobreza. Um trabalho como este visa atacar duas frentes: o projeto beneficia aquele que precisa da seguran\u00e7a alimentar, aquele mais vulner\u00e1vel, mas tamb\u00e9m vem ao encontro do trabalho que o agricultor familiar faz. Precisamos investir no nosso produtor, dar infraestrutura necess\u00e1ria, al\u00e9m de apoio, sa\u00fade, educa\u00e7\u00e3o e estradas em condi\u00e7\u00f5es. Precisamos olhar para as regi\u00f5es do interior e investir nas voca\u00e7\u00f5es de cada local \u2013 destacou o governador em exerc\u00edcio, Cl\u00e1udio Castro.<\/p>\n\n\n\n<p>O ministro da Cidadania, Onyx Lorenzoni, falou sobre a necessidade de dar condi\u00e7\u00f5es ao pequeno produtor e abastecer fam\u00edlias em situa\u00e7\u00e3o de pobreza.<\/p>\n\n\n\n<p>&#8211; O PAA faz uma ponte de solidariedade extraordin\u00e1ria, pois ele vai ao pequeno agricultor de duas formas, seja por meio de associa\u00e7\u00f5es e cooperativas ou diretamente, por meio do governo do estado ou munic\u00edpios. \u00c9 descentralizado, eficiente e aqui no Rio de Janeiro vai atender cerca de 1.500 micros e pequenos produtores. Al\u00e9m disso, vamos atender a uma parcela important\u00edssima da popula\u00e7\u00e3o, pois os alimentos ser\u00e3o levados para asilos, orfanatos, institui\u00e7\u00f5es e fam\u00edlias identificadas como vulner\u00e1veis &#8211; &nbsp;ressaltou.<\/p>\n\n\n\n<p>O secret\u00e1rio estadual de Agricultura, Pecu\u00e1ria, Pesca e Abastecimento, Marcelo Queiroz, ressaltou que \u00e9 fundamental uma a\u00e7\u00e3o como esta nesse momento de pandemia. &nbsp;<\/p>\n\n\n\n<p>&#8211; O PAA propicia a aquisi\u00e7\u00e3o de alimentos de agricultores familiares, fortalecendo a produ\u00e7\u00e3o, e promove a doa\u00e7\u00e3o desses alimentos para entidades socioassistenciais. Ele tem um impacto socioecon\u00f4mico altamente positivo para o Estado do Rio de Janeiro, especialmente nesse ano t\u00e3o dif\u00edcil que estamos enfrentando.<\/p>\n\n\n\n<p>A secret\u00e1ria de Desenvolvimento Social e Direitos Humanos, Cristiane Lamar\u00e3o, enfatizou a import\u00e2ncia do Programa de Aquisi\u00e7\u00e3o de Alimentos.<\/p>\n\n\n\n<p>&#8211; Esta a\u00e7\u00e3o expressa o compromisso de proteger a popula\u00e7\u00e3o mais vulner\u00e1vel nesse momento de crise sanit\u00e1ria e de consequ\u00eancias socioecon\u00f4micas, como desemprego e o aumento da pobreza. Oferecer condi\u00e7\u00f5es de alimento e sa\u00fade \u00e9 fundamental. A pol\u00edtica de prote\u00e7\u00e3o social e as a\u00e7\u00f5es de seguran\u00e7a alimentar podem ser, para muitos, a diferen\u00e7a entre a vida e a morte \u2013 observou.<\/p>\n\n\n\n<p>No Estado do Rio de Janeiro, s\u00f3 este ano, o PAA j\u00e1 beneficiou 19 institui\u00e7\u00f5es, tendo pago aos agricultores familiares mais de R$ 4 milh\u00f5es. Ao todo, foram mais de 1,7 milh\u00e3o de quilos de alimentos comprados dos agricultores e doados, totalizando cerca de 285 mil pessoas beneficiadas. A execu\u00e7\u00e3o do programa \u00e9 feita pela Ceasa por interm\u00e9dio do Banco de Alimentos.<\/p>\n\n\n\n<p>Tamb\u00e9m participaram do evento o senador da Rep\u00fablica Carlos Portinho, deputados estaduais e federais, al\u00e9m de representantes de institui\u00e7\u00f5es ligadas ao com\u00e9rcio e \u00e0 agricultura.<\/p>\n\n\n\n<p><strong>O PAA<br><\/strong><br>O Programa de Aquisi\u00e7\u00e3o de Alimentos \u00e9 uma das a\u00e7\u00f5es federais para a Inclus\u00e3o Produtiva Rural das fam\u00edlias mais pobres. O PPA compra alimentos produzidos pela agricultura familiar, com dispensa de licita\u00e7\u00e3o, e os destina \u00e0s pessoas em situa\u00e7\u00e3o de inseguran\u00e7a alimentar e nutricional e \u00e0s atendidas pela rede socioassistencial.<\/p>\n","protected":false},"excerpt":{"rendered":"<p>A Medida vai beneficiar mais de mil agricultores familiares locais e 110 mil pessoas em<\/p>\n","protected":false},"author":2,"featured_media":5827,"comment_status":"open","ping_status":"open","sticky":false,"template":"","format":"standard","meta":{"footnotes":""},"categories":[17],"tags":[],"class_list":["post-5826","post","type-post","status-publish","format-standard","has-post-thumbnail","hentry","category-outras-noticias"],"_links":{"self":[{"href":"https:\/\/tvc16.com\/portal\/wp-json\/wp\/v2\/posts\/5826","targetHints":{"allow":["GET"]}}],"collection":[{"href":"https:\/\/tvc16.com\/portal\/wp-json\/wp\/v2\/posts"}],"about":[{"href":"https:\/\/tvc16.com\/portal\/wp-json\/wp\/v2\/types\/post"}],"author":[{"embeddable":true,"href":"https:\/\/tvc16.com\/portal\/wp-json\/wp\/v2\/users\/2"}],"replies":[{"embeddable":true,"href":"https:\/\/tvc16.com\/portal\/wp-json\/wp\/v2\/comments?post=5826"}],"version-history":[{"count":1,"href":"https:\/\/tvc16.com\/portal\/wp-json\/wp\/v2\/posts\/5826\/revisions"}],"predecessor-version":[{"id":5828,"href":"https:\/\/tvc16.com\/portal\/wp-json\/wp\/v2\/posts\/5826\/revisions\/5828"}],"wp:featuredmedia":[{"embeddable":true,"href":"https:\/\/tvc16.com\/portal\/wp-json\/wp\/v2\/media\/5827"}],"wp:attachment":[{"href":"https:\/\/tvc16.com\/portal\/wp-json\/wp\/v2\/media?parent=5826"}],"wp:term":[{"taxonomy":"category","embeddable":true,"href":"https:\/\/tvc16.com\/portal\/wp-json\/wp\/v2\/categories?post=5826"},{"taxonomy":"post_tag","embeddable":true,"href":"https:\/\/tvc16.com\/portal\/wp-json\/wp\/v2\/tags?post=5826"}],"curies":[{"name":"wp","href":"https:\/\/api.w.org\/{rel}","templated":true}]}}