{"id":5829,"date":"2020-11-16T19:06:16","date_gmt":"2020-11-16T22:06:16","guid":{"rendered":"https:\/\/tvc16.com\/portal\/?p=5829"},"modified":"2020-11-16T19:06:18","modified_gmt":"2020-11-16T22:06:18","slug":"governador-nomeia-novo-secretario-de-esportes-lazer-e-juventude","status":"publish","type":"post","link":"https:\/\/tvc16.com\/portal\/2020\/11\/16\/governador-nomeia-novo-secretario-de-esportes-lazer-e-juventude\/","title":{"rendered":"Governador nomeia novo secret\u00e1rio de Esportes, Lazer e Juventude"},"content":{"rendered":"\n<p>Nomea\u00e7\u00e3o de Leandro Alves foi publicada no Di\u00e1rio Oficial de segunda-feira (16\/11)<br><br>O governador em exerc\u00edcio do Estado do Rio de Janeiro, Cl\u00e1udio Castro, nomeou o carioca Leandro Alves, de 44 anos, como novo secret\u00e1rio de Esportes, Lazer e Juventude. Leandro assume a pasta no lugar de Felipe Bornier, a partir de hoje (16\/11), com nomea\u00e7\u00e3o publicada no Di\u00e1rio Oficial.<br>&#8211; O esporte do Rio precisa de algu\u00e9m com experi\u00eancia em grandes eventos e estruturas, como o que foi deixado pelos Jogos Ol\u00edmpicos Rio 2016. Leandro possui este conhecimento, al\u00e9m de saber, como poucos, utilizar o esporte como ferramenta de promo\u00e7\u00e3o da sa\u00fade e da educa\u00e7\u00e3o de crian\u00e7as e adolescentes. Agrade\u00e7o o trabalho realizado pelo Felipe Bornier \u00e0 frente da secretaria &#8211; disse Cl\u00e1udio Castro.<br>Formado em comunica\u00e7\u00e3o social e marketing, Leandro Alves j\u00e1 foi gestor p\u00fablico, tendo ocupado os cargos de subsecret\u00e1rio de Esportes e Eventos do Estado e, at\u00e9 o momento, exercendo a fun\u00e7\u00e3o de subsecret\u00e1rio do Legado Ol\u00edmpico da Prefeitura do Rio de Janeiro.<br>\u2014 Acredito que o esporte pode mudar a vida das pessoas, por isso, o objetivo principal ser\u00e1 estimular esta pr\u00e1tica em todo o estado \u2014 disse Leandro Alves.<br><em>Secretaria de Esporte, Lazer e Juventude<\/em><br>A Secretaria de Esporte, Lazer e Juventude tem como compet\u00eancia formular, coordenar, executar e promover atividades esportivas no estado do Rio de Janeiro. A miss\u00e3o da pasta \u00e9 promover a inclus\u00e3o social por interm\u00e9dio do esporte, do lazer e da juventude, mecanismos fundamentais para o crescimento do indiv\u00edduo, principalmente, na forma\u00e7\u00e3o da cidadania.&nbsp;<br>As estrat\u00e9gias incluem a gest\u00e3o, a infraestrutura e a promo\u00e7\u00e3o de a\u00e7\u00f5es associadas ao esporte que sustentem a premissa que o Estado se torne refer\u00eancia na gest\u00e3o do esporte.<\/p>\n","protected":false},"excerpt":{"rendered":"<p>Nomea\u00e7\u00e3o de Leandro Alves foi publicada no Di\u00e1rio Oficial de segunda-feira (16\/11) O governador em<\/p>\n","protected":false},"author":2,"featured_media":5830,"comment_status":"open","ping_status":"open","sticky":false,"template":"","format":"standard","meta":{"footnotes":""},"categories":[17],"tags":[],"class_list":["post-5829","post","type-post","status-publish","format-standard","has-post-thumbnail","hentry","category-outras-noticias"],"_links":{"self":[{"href":"https:\/\/tvc16.com\/portal\/wp-json\/wp\/v2\/posts\/5829","targetHints":{"allow":["GET"]}}],"collection":[{"href":"https:\/\/tvc16.com\/portal\/wp-json\/wp\/v2\/posts"}],"about":[{"href":"https:\/\/tvc16.com\/portal\/wp-json\/wp\/v2\/types\/post"}],"author":[{"embeddable":true,"href":"https:\/\/tvc16.com\/portal\/wp-json\/wp\/v2\/users\/2"}],"replies":[{"embeddable":true,"href":"https:\/\/tvc16.com\/portal\/wp-json\/wp\/v2\/comments?post=5829"}],"version-history":[{"count":1,"href":"https:\/\/tvc16.com\/portal\/wp-json\/wp\/v2\/posts\/5829\/revisions"}],"predecessor-version":[{"id":5831,"href":"https:\/\/tvc16.com\/portal\/wp-json\/wp\/v2\/posts\/5829\/revisions\/5831"}],"wp:featuredmedia":[{"embeddable":true,"href":"https:\/\/tvc16.com\/portal\/wp-json\/wp\/v2\/media\/5830"}],"wp:attachment":[{"href":"https:\/\/tvc16.com\/portal\/wp-json\/wp\/v2\/media?parent=5829"}],"wp:term":[{"taxonomy":"category","embeddable":true,"href":"https:\/\/tvc16.com\/portal\/wp-json\/wp\/v2\/categories?post=5829"},{"taxonomy":"post_tag","embeddable":true,"href":"https:\/\/tvc16.com\/portal\/wp-json\/wp\/v2\/tags?post=5829"}],"curies":[{"name":"wp","href":"https:\/\/api.w.org\/{rel}","templated":true}]}}