{"id":5832,"date":"2020-11-16T19:10:22","date_gmt":"2020-11-16T22:10:22","guid":{"rendered":"https:\/\/tvc16.com\/portal\/?p=5832"},"modified":"2020-11-16T19:10:25","modified_gmt":"2020-11-16T22:10:25","slug":"nascidos-em-setembro-recebem-mais-uma-parcela-do-auxilio-emergencial","status":"publish","type":"post","link":"https:\/\/tvc16.com\/portal\/2020\/11\/16\/nascidos-em-setembro-recebem-mais-uma-parcela-do-auxilio-emergencial\/","title":{"rendered":"Nascidos em setembro recebem mais uma parcela do Aux\u00edlio Emergencial"},"content":{"rendered":"\n<p>Dinheiro pode ser movimentado por aplicativo da Caixa, para compras online e em estabelecimentos comerciais<\/p>\n\n\n\n<p>Os benefici\u00e1rios do Aux\u00edlio Emergencial nascidos em setembro receberam mais uma parcela do benef\u00edcio. Ao todo, 3,6 milh\u00f5es de brasileiros embolsaram mais uma parcela do aux\u00edlio no \u00faltimo domingo (15). Esse dinheiro pode ser movimentado pelo aplicativo Caixa Tem para pagamento de boletos, compras na internet e por meio de maquininhas de estabelecimentos comerciais.<\/p>\n\n\n\n<p>Quase 3 milh\u00f5es de benefici\u00e1rios foram contemplados com a segunda parcela de R$ 300 do aux\u00edlio. Cerca de 663 mil pessoas v\u00e3o receber R$ 600. Saques e transfer\u00eancias de dinheiros dos contemplados neste domingo ser\u00e3o liberados em 28 de novembro.<\/p>\n\n\n\n<p><strong><a href=\"https:\/\/brasil61.com\/noticias\/auxilio-emergencial-melhora-padrao-de-vida-em-mais-de-23-milhoes-de-domicilios-diz-estudo-do-ministerio-da-economia-bras200848\" target=\"_blank\" rel=\"noreferrer noopener\">Aux\u00edlio emergencial melhora padr\u00e3o de vida em mais de 23 milh\u00f5es de domic\u00edlios, diz estudo do Minist\u00e9rio da Economia<\/a><\/strong><\/p>\n\n\n\n<p>T\u00eam direito ao benef\u00edcio de R$ 600: trabalhadores sem carteira assinada, aut\u00f4nomos, microempreendedores individuais, desempregados e contribuintes individuais da Previd\u00eancia. M\u00e3es chefes de fam\u00edlia (inclusive menores de idade) recebem o benef\u00edcio em dobro. A Caixa encerrou as solicita\u00e7\u00f5es do aux\u00edlio em 2 de julho.&nbsp;<\/p>\n\n\n\n<p>Fonte: <a href=\"https:\/\/brasil61.com\/noticias\/nascidos-em-setembro-recebem-mais-uma-parcela-do-auxilio-emergencial-bras202625?email=bethdeoliveira@yahoo.com.br&amp;utm_source=newsletter&amp;utm_medium=newsletter&amp;utm_campaign=newsletter\" target=\"_blank\" rel=\"noreferrer noopener\">Brasil 61<\/a><\/p>\n","protected":false},"excerpt":{"rendered":"<p>Dinheiro pode ser movimentado por aplicativo da Caixa, para compras online e em estabelecimentos comerciais<\/p>\n","protected":false},"author":2,"featured_media":5833,"comment_status":"open","ping_status":"open","sticky":false,"template":"","format":"standard","meta":{"footnotes":""},"categories":[14],"tags":[],"class_list":["post-5832","post","type-post","status-publish","format-standard","has-post-thumbnail","hentry","category-pais"],"_links":{"self":[{"href":"https:\/\/tvc16.com\/portal\/wp-json\/wp\/v2\/posts\/5832","targetHints":{"allow":["GET"]}}],"collection":[{"href":"https:\/\/tvc16.com\/portal\/wp-json\/wp\/v2\/posts"}],"about":[{"href":"https:\/\/tvc16.com\/portal\/wp-json\/wp\/v2\/types\/post"}],"author":[{"embeddable":true,"href":"https:\/\/tvc16.com\/portal\/wp-json\/wp\/v2\/users\/2"}],"replies":[{"embeddable":true,"href":"https:\/\/tvc16.com\/portal\/wp-json\/wp\/v2\/comments?post=5832"}],"version-history":[{"count":1,"href":"https:\/\/tvc16.com\/portal\/wp-json\/wp\/v2\/posts\/5832\/revisions"}],"predecessor-version":[{"id":5834,"href":"https:\/\/tvc16.com\/portal\/wp-json\/wp\/v2\/posts\/5832\/revisions\/5834"}],"wp:featuredmedia":[{"embeddable":true,"href":"https:\/\/tvc16.com\/portal\/wp-json\/wp\/v2\/media\/5833"}],"wp:attachment":[{"href":"https:\/\/tvc16.com\/portal\/wp-json\/wp\/v2\/media?parent=5832"}],"wp:term":[{"taxonomy":"category","embeddable":true,"href":"https:\/\/tvc16.com\/portal\/wp-json\/wp\/v2\/categories?post=5832"},{"taxonomy":"post_tag","embeddable":true,"href":"https:\/\/tvc16.com\/portal\/wp-json\/wp\/v2\/tags?post=5832"}],"curies":[{"name":"wp","href":"https:\/\/api.w.org\/{rel}","templated":true}]}}