{"id":5838,"date":"2020-11-16T19:14:01","date_gmt":"2020-11-16T22:14:01","guid":{"rendered":"https:\/\/tvc16.com\/portal\/?p=5838"},"modified":"2020-11-16T19:14:04","modified_gmt":"2020-11-16T22:14:04","slug":"mec-lanca-painel-de-orientacao-para-qualificacao-profissional","status":"publish","type":"post","link":"https:\/\/tvc16.com\/portal\/2020\/11\/16\/mec-lanca-painel-de-orientacao-para-qualificacao-profissional\/","title":{"rendered":"MEC lan\u00e7a painel de orienta\u00e7\u00e3o para qualifica\u00e7\u00e3o profissional"},"content":{"rendered":"\n<p>A plataforma oferece um panorama das voca\u00e7\u00f5es econ\u00f4micas em cada estado, segundo indicadores de trabalho e renda, e os setores e postos mais relevantes com sua correspond\u00eancia nos cursos apresentados<\/p>\n\n\n\n<p>O Minist\u00e9rio da Educa\u00e7\u00e3o (MEC) lan\u00e7ou um painel que re\u00fane diversos dados e indicadores para orientar as institui\u00e7\u00f5es e redes de ensino sobre a oferta de cursos de forma\u00e7\u00e3o e qualifica\u00e7\u00e3o profissional. As informa\u00e7\u00f5es s\u00e3o de acordo com a realidade econ\u00f4mica de cada regi\u00e3o Pa\u00eds, com rela\u00e7\u00e3o a demandas do setor produtivo.<\/p>\n\n\n\n<p>A plataforma oferece um panorama das voca\u00e7\u00f5es econ\u00f4micas em cada estado, segundo indicadores de trabalho e renda, e os setores e postos mais relevantes com sua correspond\u00eancia nos cursos apresentados.&nbsp;<\/p>\n\n\n\n<p><a href=\"https:\/\/brasil61.com\/noticias\/redes-de-ensino-precisam-de-ajuda-para-funcionar-em-2021-bras202580\"><strong>Redes de Ensino precisam de ajuda para funcionar em 2021<\/strong><\/a><\/p>\n\n\n\n<p><a href=\"https:\/\/brasil61.com\/noticias\/mercado-de-trabalho-comeca-a-recuperar-parte-das-vagas-perdidas-na-pandemia-bras202559\"><strong>Mercado de trabalho come\u00e7a a recuperar parte das vagas perdidas na pandemia<\/strong><\/a>&nbsp;<\/p>\n\n\n\n<p>O quadro \u00e9 acompanhado por indicadores socioecon\u00f4micos, como Produto Interno Bruto (PIB), taxas de desemprego, escolaridade, rendimento m\u00e9dio mensal, distribui\u00e7\u00e3o da popula\u00e7\u00e3o por idade, sexo, ra\u00e7a e cor, entre outros.<\/p>\n\n\n\n<p>Os dados s\u00e3o disponibilizados no portal do programa Novos Caminhos, o painel de demanda por educa\u00e7\u00e3o profissional e tecnol\u00f3gica foi elaborado a partir de uma parceria com a Secretaria de Desenvolvimento Social do Estado de Minas Gerais.&nbsp;<\/p>\n\n\n\n<p>Fonte: <a href=\"https:\/\/brasil61.com\/noticias\/mec-lanca-painel-de-orientacao-para-qualificacao-profissional-bras202626?email=bethdeoliveira@yahoo.com.br&amp;utm_source=newsletter&amp;utm_medium=newsletter&amp;utm_campaign=newsletter\" target=\"_blank\" rel=\"noreferrer noopener\">Brasil 61<\/a><\/p>\n","protected":false},"excerpt":{"rendered":"<p>A plataforma oferece um panorama das voca\u00e7\u00f5es econ\u00f4micas em cada estado, segundo indicadores de trabalho<\/p>\n","protected":false},"author":2,"featured_media":5839,"comment_status":"open","ping_status":"open","sticky":false,"template":"","format":"standard","meta":{"footnotes":""},"categories":[19],"tags":[],"class_list":["post-5838","post","type-post","status-publish","format-standard","has-post-thumbnail","hentry","category-educacao"],"_links":{"self":[{"href":"https:\/\/tvc16.com\/portal\/wp-json\/wp\/v2\/posts\/5838","targetHints":{"allow":["GET"]}}],"collection":[{"href":"https:\/\/tvc16.com\/portal\/wp-json\/wp\/v2\/posts"}],"about":[{"href":"https:\/\/tvc16.com\/portal\/wp-json\/wp\/v2\/types\/post"}],"author":[{"embeddable":true,"href":"https:\/\/tvc16.com\/portal\/wp-json\/wp\/v2\/users\/2"}],"replies":[{"embeddable":true,"href":"https:\/\/tvc16.com\/portal\/wp-json\/wp\/v2\/comments?post=5838"}],"version-history":[{"count":1,"href":"https:\/\/tvc16.com\/portal\/wp-json\/wp\/v2\/posts\/5838\/revisions"}],"predecessor-version":[{"id":5840,"href":"https:\/\/tvc16.com\/portal\/wp-json\/wp\/v2\/posts\/5838\/revisions\/5840"}],"wp:featuredmedia":[{"embeddable":true,"href":"https:\/\/tvc16.com\/portal\/wp-json\/wp\/v2\/media\/5839"}],"wp:attachment":[{"href":"https:\/\/tvc16.com\/portal\/wp-json\/wp\/v2\/media?parent=5838"}],"wp:term":[{"taxonomy":"category","embeddable":true,"href":"https:\/\/tvc16.com\/portal\/wp-json\/wp\/v2\/categories?post=5838"},{"taxonomy":"post_tag","embeddable":true,"href":"https:\/\/tvc16.com\/portal\/wp-json\/wp\/v2\/tags?post=5838"}],"curies":[{"name":"wp","href":"https:\/\/api.w.org\/{rel}","templated":true}]}}