{"id":5841,"date":"2020-11-16T19:15:34","date_gmt":"2020-11-16T22:15:34","guid":{"rendered":"https:\/\/tvc16.com\/portal\/?p=5841"},"modified":"2020-11-16T19:15:37","modified_gmt":"2020-11-16T22:15:37","slug":"tecnologia-5g-chega-ao-brasil","status":"publish","type":"post","link":"https:\/\/tvc16.com\/portal\/2020\/11\/16\/tecnologia-5g-chega-ao-brasil\/","title":{"rendered":"Tecnologia 5G chega ao Brasil"},"content":{"rendered":"\n<p>Acordo assinado entre a Ag\u00eancia Nacional de Telecomunica\u00e7\u00f5es (Anatel) e a Ag\u00eancia Brasileira de Desenvolvimento Industrial (Abdi), firmou o in\u00edcio dos primeiros testes no Pa\u00eds<\/p>\n\n\n\n<p>O Brasil est\u00e1 perto de receber a tecnologia 5G, que \u00e9 a mais moderna em termo de conex\u00e3o m\u00f3vel \u00e0 internet. E isso porque um acordo assinado entre a Ag\u00eancia Nacional de Telecomunica\u00e7\u00f5es (Anatel) e a Ag\u00eancia Brasileira de Desenvolvimento Industrial (Abdi), firmou o in\u00edcio dos primeiros testes no Pa\u00eds para operar o uso de redes privadas pela tecnologia 5G.<\/p>\n\n\n\n<p><strong><a href=\"https:\/\/brasil61.com\/noticias\/exposicao-de-criancas-e-adolescentes-na-internet-e-o-5-tipo-de-denuncia-mais-comum-no-disque-100-bras202572\">Exposi\u00e7\u00e3o de crian\u00e7as e adolescentes na internet \u00e9 o 5\u00b0 tipo de den\u00fancia mais comum no Disque 100<\/a><\/strong><\/p>\n\n\n\n<p><a href=\"https:\/\/brasil61.com\/noticias\/micro-e-pequenos-negocios-apostam-em-parcerias-e-apoio-para-retomada-economica-sebr200024\"><strong>Micro e pequenos neg\u00f3cios apostam em parcerias e apoio para retomada econ\u00f4mica<\/strong><\/a><\/p>\n\n\n\n<p>Al\u00e9m do aumento da velocidade, de acordo com os especialistas na \u00e1rea, essa mudan\u00e7a vai ampliar a capacidade de banda e reduzir as perdas de conex\u00e3o em rela\u00e7\u00e3o ao 4G. O Governo Federal est\u00e1 preparando um leil\u00e3o para organizar a explora\u00e7\u00e3o comercial dessa tecnologia por aqui. Segundo as informa\u00e7\u00f5es at\u00e9 agora, al\u00e9m desta modalidade, em que operadoras oferecem pacotes aos usu\u00e1rios, a Anatel tamb\u00e9m deve preparar a possibilidade de empresas poderem utilizar redes privadas para diversas finalidades.<\/p>\n\n\n\n<p>Fonte: <a href=\"https:\/\/brasil61.com\/noticias\/tecnologia-5g-chega-ao-brasil-bras202628?email=bethdeoliveira@yahoo.com.br&amp;utm_source=newsletter&amp;utm_medium=newsletter&amp;utm_campaign=newsletter\" target=\"_blank\" rel=\"noreferrer noopener\">Brasil 61<\/a><\/p>\n","protected":false},"excerpt":{"rendered":"<p>Acordo assinado entre a Ag\u00eancia Nacional de Telecomunica\u00e7\u00f5es (Anatel) e a Ag\u00eancia Brasileira de Desenvolvimento<\/p>\n","protected":false},"author":2,"featured_media":5842,"comment_status":"open","ping_status":"open","sticky":false,"template":"","format":"standard","meta":{"footnotes":""},"categories":[16],"tags":[],"class_list":["post-5841","post","type-post","status-publish","format-standard","has-post-thumbnail","hentry","category-colunistas"],"_links":{"self":[{"href":"https:\/\/tvc16.com\/portal\/wp-json\/wp\/v2\/posts\/5841","targetHints":{"allow":["GET"]}}],"collection":[{"href":"https:\/\/tvc16.com\/portal\/wp-json\/wp\/v2\/posts"}],"about":[{"href":"https:\/\/tvc16.com\/portal\/wp-json\/wp\/v2\/types\/post"}],"author":[{"embeddable":true,"href":"https:\/\/tvc16.com\/portal\/wp-json\/wp\/v2\/users\/2"}],"replies":[{"embeddable":true,"href":"https:\/\/tvc16.com\/portal\/wp-json\/wp\/v2\/comments?post=5841"}],"version-history":[{"count":1,"href":"https:\/\/tvc16.com\/portal\/wp-json\/wp\/v2\/posts\/5841\/revisions"}],"predecessor-version":[{"id":5843,"href":"https:\/\/tvc16.com\/portal\/wp-json\/wp\/v2\/posts\/5841\/revisions\/5843"}],"wp:featuredmedia":[{"embeddable":true,"href":"https:\/\/tvc16.com\/portal\/wp-json\/wp\/v2\/media\/5842"}],"wp:attachment":[{"href":"https:\/\/tvc16.com\/portal\/wp-json\/wp\/v2\/media?parent=5841"}],"wp:term":[{"taxonomy":"category","embeddable":true,"href":"https:\/\/tvc16.com\/portal\/wp-json\/wp\/v2\/categories?post=5841"},{"taxonomy":"post_tag","embeddable":true,"href":"https:\/\/tvc16.com\/portal\/wp-json\/wp\/v2\/tags?post=5841"}],"curies":[{"name":"wp","href":"https:\/\/api.w.org\/{rel}","templated":true}]}}