{"id":5845,"date":"2020-11-17T09:53:16","date_gmt":"2020-11-17T12:53:16","guid":{"rendered":"https:\/\/tvc16.com\/portal\/?p=5845"},"modified":"2020-11-17T09:53:19","modified_gmt":"2020-11-17T12:53:19","slug":"centro-educacao-terra-santa-promove-feira-de-artesanato","status":"publish","type":"post","link":"https:\/\/tvc16.com\/portal\/2020\/11\/17\/centro-educacao-terra-santa-promove-feira-de-artesanato\/","title":{"rendered":"Centro Educa\u00e7\u00e3o Terra Santa promove feira de artesanato"},"content":{"rendered":"\n<p>O Centro Educacional Terra Santa est\u00e1 com inscri\u00e7\u00f5es abertas para as pessoas que desejam participar da Feira de Artesanato Terra Santa. O evento acontecer\u00e1 entre os dias 7 a 11 de dezembro, na sede da institui\u00e7\u00e3o, seguindo todas as orienta\u00e7\u00f5es sanit\u00e1rias, por isso o n\u00famero de artes\u00e3os \u00e9 limitado.<\/p>\n\n\n\n<p>A Feira de Artesanato foi pensada com objetivo de ajudar os artes\u00e3os da cidade, pois, durante a pandemia ficaram com suas atividades sem ter onde expor. Por isso, para que os materiais sejam expostos e possam ser visitados o Centro Educacional Terra Santa est\u00e1 preparando um ambiente onde os stands v\u00e3o respeitar o distanciamento social e o acesso ao local ser\u00e1 permitido apenas o uso de m\u00e1scara. As pessoas ter\u00e3o \u00e0 disposi\u00e7\u00e3o \u00e1lcool em gel e ser\u00e1 feito a aferi\u00e7\u00e3o de temperatura.<\/p>\n\n\n\n<p>Com esta iniciativa, a Feira de Artesanato Terra Santa quer ser um novo espa\u00e7o de exposi\u00e7\u00e3o do artesanato petropolitano e ao mesmo tempo divulgar os trabalhos e projetos do Centro Educacional. A coordena\u00e7\u00e3o da institui\u00e7\u00e3o quer promover uma integra\u00e7\u00e3o maior com a comunidade, ser um atrativo do turismo religioso, pois a Capela Nossa Senhora da Concei\u00e7\u00e3o tem mais de 100 anos, e ao mesmo tempo reunir pessoas que gostem de artesanato.<\/p>\n\n\n\n<p>O evento acontece entre os dias 7 a 11 de dezembro, de 9h \u00e0s 16h, no Centro Educacional Terra Santa. Os interessados dever\u00e3o comparecer na institui\u00e7\u00e3o (Rua Monsenhor Bacelar, n\u00ba 590) para realizar o cadastro, no hor\u00e1rio das 9h \u00e0s 13h, de segunda a sexta-feira. Mais informa\u00e7\u00f5es pelo telefone: (24) 2242-0525.<\/p>\n","protected":false},"excerpt":{"rendered":"<p>O Centro Educacional Terra Santa est\u00e1 com inscri\u00e7\u00f5es abertas para as pessoas que desejam participar<\/p>\n","protected":false},"author":2,"featured_media":5846,"comment_status":"open","ping_status":"open","sticky":false,"template":"","format":"standard","meta":{"footnotes":""},"categories":[12],"tags":[],"class_list":["post-5845","post","type-post","status-publish","format-standard","has-post-thumbnail","hentry","category-cidade"],"_links":{"self":[{"href":"https:\/\/tvc16.com\/portal\/wp-json\/wp\/v2\/posts\/5845","targetHints":{"allow":["GET"]}}],"collection":[{"href":"https:\/\/tvc16.com\/portal\/wp-json\/wp\/v2\/posts"}],"about":[{"href":"https:\/\/tvc16.com\/portal\/wp-json\/wp\/v2\/types\/post"}],"author":[{"embeddable":true,"href":"https:\/\/tvc16.com\/portal\/wp-json\/wp\/v2\/users\/2"}],"replies":[{"embeddable":true,"href":"https:\/\/tvc16.com\/portal\/wp-json\/wp\/v2\/comments?post=5845"}],"version-history":[{"count":1,"href":"https:\/\/tvc16.com\/portal\/wp-json\/wp\/v2\/posts\/5845\/revisions"}],"predecessor-version":[{"id":5847,"href":"https:\/\/tvc16.com\/portal\/wp-json\/wp\/v2\/posts\/5845\/revisions\/5847"}],"wp:featuredmedia":[{"embeddable":true,"href":"https:\/\/tvc16.com\/portal\/wp-json\/wp\/v2\/media\/5846"}],"wp:attachment":[{"href":"https:\/\/tvc16.com\/portal\/wp-json\/wp\/v2\/media?parent=5845"}],"wp:term":[{"taxonomy":"category","embeddable":true,"href":"https:\/\/tvc16.com\/portal\/wp-json\/wp\/v2\/categories?post=5845"},{"taxonomy":"post_tag","embeddable":true,"href":"https:\/\/tvc16.com\/portal\/wp-json\/wp\/v2\/tags?post=5845"}],"curies":[{"name":"wp","href":"https:\/\/api.w.org\/{rel}","templated":true}]}}