{"id":585,"date":"2020-09-16T17:25:43","date_gmt":"2020-09-16T17:25:43","guid":{"rendered":"https:\/\/tvc16.com\/portal\/?p=585"},"modified":"2020-09-16T17:25:43","modified_gmt":"2020-09-16T17:25:43","slug":"setembro-amarelo-saude-lanca-acoes-educativas-de-prevencao-ao-suicidio-e-automutilacao","status":"publish","type":"post","link":"https:\/\/tvc16.com\/portal\/2020\/09\/16\/setembro-amarelo-saude-lanca-acoes-educativas-de-prevencao-ao-suicidio-e-automutilacao\/","title":{"rendered":"Setembro Amarelo: Sa\u00fade lan\u00e7a a\u00e7\u00f5es educativas de preven\u00e7\u00e3o ao suic\u00eddio e automutila\u00e7\u00e3o"},"content":{"rendered":"\n<p>Setembro marca o m\u00eas da campanha de conscientiza\u00e7\u00e3o sobre a preven\u00e7\u00e3o do suic\u00eddio. Com foco no tema, o Minist\u00e9rio da Sa\u00fade lan\u00e7ou as \u201cA\u00e7\u00f5es de Educa\u00e7\u00e3o em Sa\u00fade em Defesa da Vida\u201d, uma s\u00e9rie de atividades educativas que contemplam a realiza\u00e7\u00e3o de quatro ciclos de promo\u00e7\u00e3o e preven\u00e7\u00e3o em sa\u00fade. No primeiro ciclo, essas atividades s\u00e3o voltadas \u00e0 preven\u00e7\u00e3o do suic\u00eddio e da automutila\u00e7\u00e3o.&nbsp;<br><br>\u201cO Brasil \u00e9 o primeiro pa\u00eds do mundo em incid\u00eancia de ansiedade e o segundo em casos de depress\u00e3o. Quando n\u00f3s falamos de jovens na faixa entre 15 e 24 anos, o segundo maior n\u00famero de mortes no pa\u00eds \u00e9 causado por suic\u00eddio e agora tivemos aumento nos casos de automutila\u00e7\u00e3o. Temos como atuar nas escolas, salvando nossos jovens\u201d, destaca Mayra Pinheiro, secret\u00e1ria de Gest\u00e3o do Trabalho e da Educa\u00e7\u00e3o na Sa\u00fade do Minist\u00e9rio da Sa\u00fade (SGTES).<br><br>A iniciativa conta com o apoio do Minist\u00e9rio da Educa\u00e7\u00e3o e do Minist\u00e9rio da Mulher, Fam\u00edlia e Direitos Humanos, e institui\u00e7\u00f5es como a Associa\u00e7\u00e3o Brasileira de Psiquiatria (ABP). As a\u00e7\u00f5es incluem cursos a dist\u00e2ncia, palestras e elabora\u00e7\u00e3o de materiais para ampliar o atendimento em sa\u00fade, a forma\u00e7\u00e3o nas escolas e nas comunidades. O Executivo tem como objetivo qualificar o conhecimento de profissionais da \u00e1rea, conselheiros tutelares, professores, l\u00edderes sociais, religiosos e de entidades beneficentes. Como base para as a\u00e7\u00f5es, o Minist\u00e9rio da Sa\u00fade utiliza a Pol\u00edtica Nacional de Educa\u00e7\u00e3o Permanente em Sa\u00fade (PNEPS).<br><br>A ABP classifica alguns fatores que aumentam o risco de suic\u00eddio. Entre eles est\u00e3o doen\u00e7as incapacitantes, impulsividade\/agressividade, isolamento social e tentativa pr\u00e9via. \u201cEstamos diante de mais uma dificuldade para agravar esse tema. Estamos vivendo uma pandemia. A OMS recentemente alertou para aumento dos casos de doen\u00e7as mentais que podem levar a suic\u00eddios e automutila\u00e7\u00f5es\u201d, diz Mayra Pinheiro.&nbsp;<br><br>Por outro lado, como fatores protetivos ao suic\u00eddio, a Associa\u00e7\u00e3o Brasileira de Psiquiatria coloca o suporte familiar, capacidade de adapta\u00e7\u00e3o positiva, estar empregado, frequ\u00eancia de atividades religiosas, capacidade de resolu\u00e7\u00e3o de problemas, entre outros.&nbsp;<br><br>\u201cDeve-se tentar minimizar os danos do distanciamento e o medo causado pela pandemia. Liga\u00e7\u00f5es, v\u00eddeos. Sentir que o outro encontra-se pr\u00f3ximo, isso \u00e9 extremamente importante. Tentar manter uma rotina. O isolamento limita muitas atividades. N\u00e3o quer dizer que n\u00e3o podem ser criadas novas atividades em casa. Atividades e rotinas s\u00e3o fundamentais para manter nosso c\u00e9rebro distra\u00eddo e n\u00e3o termos tempo para se lembrar da pandemia e suas consequ\u00eancias\u201d, avalia o psiquiatra e professor da Universidade de Bras\u00edlia (UnB), Luan Diego Marques.&nbsp;<br><br>\u201c\u00c9 importante oferecer ajuda ao outro, e quando precisar, pedir ajuda. \u00c9 importante a gente se colocar tanto no lugar de for\u00e7a, mas tamb\u00e9m no local de fragilidade\u201d, completa.&nbsp;<br><br>Os conte\u00fados educativos, incluindo cartilhas e videoaulas, est\u00e3o dispon\u00edveis no site prevencaoevida.com.br, onde as inscri\u00e7\u00f5es para as atividades j\u00e1 est\u00e3o abertas e de forma gratuita.&nbsp;<\/p>\n\n\n\n<p>Fonte: <a href=\"https:\/\/brasil61.com\/noticias\/setembro-amarelo-saude-lanca-acoes-educativas-de-prevencao-ao-suicidio-e-automutilacao-bras201829\" target=\"_blank\" rel=\"noreferrer noopener\">Brasil 61<\/a><\/p>\n","protected":false},"excerpt":{"rendered":"<p>Setembro marca o m\u00eas da campanha de conscientiza\u00e7\u00e3o sobre a preven\u00e7\u00e3o do suic\u00eddio. Com foco<\/p>\n","protected":false},"author":2,"featured_media":586,"comment_status":"open","ping_status":"open","sticky":false,"template":"","format":"standard","meta":{"footnotes":""},"categories":[17],"tags":[],"class_list":["post-585","post","type-post","status-publish","format-standard","has-post-thumbnail","hentry","category-outras-noticias"],"_links":{"self":[{"href":"https:\/\/tvc16.com\/portal\/wp-json\/wp\/v2\/posts\/585","targetHints":{"allow":["GET"]}}],"collection":[{"href":"https:\/\/tvc16.com\/portal\/wp-json\/wp\/v2\/posts"}],"about":[{"href":"https:\/\/tvc16.com\/portal\/wp-json\/wp\/v2\/types\/post"}],"author":[{"embeddable":true,"href":"https:\/\/tvc16.com\/portal\/wp-json\/wp\/v2\/users\/2"}],"replies":[{"embeddable":true,"href":"https:\/\/tvc16.com\/portal\/wp-json\/wp\/v2\/comments?post=585"}],"version-history":[{"count":1,"href":"https:\/\/tvc16.com\/portal\/wp-json\/wp\/v2\/posts\/585\/revisions"}],"predecessor-version":[{"id":587,"href":"https:\/\/tvc16.com\/portal\/wp-json\/wp\/v2\/posts\/585\/revisions\/587"}],"wp:featuredmedia":[{"embeddable":true,"href":"https:\/\/tvc16.com\/portal\/wp-json\/wp\/v2\/media\/586"}],"wp:attachment":[{"href":"https:\/\/tvc16.com\/portal\/wp-json\/wp\/v2\/media?parent=585"}],"wp:term":[{"taxonomy":"category","embeddable":true,"href":"https:\/\/tvc16.com\/portal\/wp-json\/wp\/v2\/categories?post=585"},{"taxonomy":"post_tag","embeddable":true,"href":"https:\/\/tvc16.com\/portal\/wp-json\/wp\/v2\/tags?post=585"}],"curies":[{"name":"wp","href":"https:\/\/api.w.org\/{rel}","templated":true}]}}