{"id":5851,"date":"2020-11-17T09:57:21","date_gmt":"2020-11-17T12:57:21","guid":{"rendered":"https:\/\/tvc16.com\/portal\/?p=5851"},"modified":"2020-11-17T09:57:24","modified_gmt":"2020-11-17T12:57:24","slug":"policia-ambiental-flagra-armas-para-caca-ilegal-em-secretario","status":"publish","type":"post","link":"https:\/\/tvc16.com\/portal\/2020\/11\/17\/policia-ambiental-flagra-armas-para-caca-ilegal-em-secretario\/","title":{"rendered":"Pol\u00edcia Ambiental flagra armas para ca\u00e7a ilegal em Secret\u00e1rio"},"content":{"rendered":"\n<p>A partir de uma den\u00fancia feita ao programa Linha Verde sobre um desmatamento em Secret\u00e1rio, a Pol\u00edcia Ambiental conseguiu apreender na segunda-feira (16), materiais utilizados para ca\u00e7a ilegal de animais, como dois rifles, dois trabucos, dois cartuchos de calibres n\u00e3o identificados e 50 muni\u00e7\u00f5es de calibre 22.<\/p>\n\n\n\n<p>De acordo com os policiais militares da Unidade de Policiamento Ambiental dos Tr\u00eas Picos, respons\u00e1veis pela averigua\u00e7\u00e3o das informa\u00e7\u00f5es enviadas pelo Linha Verde, a equipe procedeu \u00e0 Estrada Avelar, onde na propriedade denunciada, foi poss\u00edvel constatar uma movimenta\u00e7\u00e3o de terra referente a abertura de arruamento realizada por um trator de esteira.<\/p>\n\n\n\n<p>Os agentes da 5\u00aa UPAm questionaram um funcion\u00e1rio que trabalhava no local sobre as autoriza\u00e7\u00f5es ambientais, mas o mesmo informou n\u00e3o saber, visto que o respons\u00e1vel pela fazenda encontrava-se em viagem ao exterior. Ainda durante fiscaliza\u00e7\u00e3o no local, os agentes observaram diversos apetrechos utilizados para ca\u00e7a no interior de uma garagem e quando perguntaram se havia mais algum armamento na resid\u00eancia, o homem informou que sim, mas que n\u00e3o tinha as licen\u00e7as espec\u00edficas para o porte.<\/p>\n\n\n\n<p>Diante dos fatos, os policiais procederam com o acusado \u00e0 106\u00aa Delegacia de Pol\u00edcia, em Itaipava, onde o delegado acabou registrando apenas a ocorr\u00eancia referente \u00e0 movimenta\u00e7\u00e3o de terra, conforme o artigo 60 da lei de crimes ambientais, orientando os policiais ambientais para procederem \u00e0 105\u00aa DP, no Retiro, para o registro da ocorr\u00eancia sobre a apreens\u00e3o das armas. Desta forma, a equipe se deslocou at\u00e9 \u00e0 delegacia do Retiro, onde o acusado permaneceu acautelado.<\/p>\n\n\n\n<p>Vale frisar que a popula\u00e7\u00e3o pode continuar denunciando crimes ambientais em Petr\u00f3polis atrav\u00e9s do telefone 0300 253 1177 (custo de liga\u00e7\u00e3o local) ou ainda pelo aplicativo para celulares \u201cDisque Den\u00fancia RJ\u201d. Em todos os canais, o anonimato \u00e9 garantido ao denunciante.<\/p>\n","protected":false},"excerpt":{"rendered":"<p>A partir de uma den\u00fancia feita ao programa Linha Verde sobre um desmatamento em Secret\u00e1rio,<\/p>\n","protected":false},"author":2,"featured_media":5853,"comment_status":"open","ping_status":"open","sticky":false,"template":"","format":"standard","meta":{"footnotes":""},"categories":[12],"tags":[],"class_list":["post-5851","post","type-post","status-publish","format-standard","has-post-thumbnail","hentry","category-cidade"],"_links":{"self":[{"href":"https:\/\/tvc16.com\/portal\/wp-json\/wp\/v2\/posts\/5851","targetHints":{"allow":["GET"]}}],"collection":[{"href":"https:\/\/tvc16.com\/portal\/wp-json\/wp\/v2\/posts"}],"about":[{"href":"https:\/\/tvc16.com\/portal\/wp-json\/wp\/v2\/types\/post"}],"author":[{"embeddable":true,"href":"https:\/\/tvc16.com\/portal\/wp-json\/wp\/v2\/users\/2"}],"replies":[{"embeddable":true,"href":"https:\/\/tvc16.com\/portal\/wp-json\/wp\/v2\/comments?post=5851"}],"version-history":[{"count":1,"href":"https:\/\/tvc16.com\/portal\/wp-json\/wp\/v2\/posts\/5851\/revisions"}],"predecessor-version":[{"id":5854,"href":"https:\/\/tvc16.com\/portal\/wp-json\/wp\/v2\/posts\/5851\/revisions\/5854"}],"wp:featuredmedia":[{"embeddable":true,"href":"https:\/\/tvc16.com\/portal\/wp-json\/wp\/v2\/media\/5853"}],"wp:attachment":[{"href":"https:\/\/tvc16.com\/portal\/wp-json\/wp\/v2\/media?parent=5851"}],"wp:term":[{"taxonomy":"category","embeddable":true,"href":"https:\/\/tvc16.com\/portal\/wp-json\/wp\/v2\/categories?post=5851"},{"taxonomy":"post_tag","embeddable":true,"href":"https:\/\/tvc16.com\/portal\/wp-json\/wp\/v2\/tags?post=5851"}],"curies":[{"name":"wp","href":"https:\/\/api.w.org\/{rel}","templated":true}]}}