{"id":5855,"date":"2020-11-17T09:59:33","date_gmt":"2020-11-17T12:59:33","guid":{"rendered":"https:\/\/tvc16.com\/portal\/?p=5855"},"modified":"2020-11-17T09:59:38","modified_gmt":"2020-11-17T12:59:38","slug":"testagens-continuam-hoje-na-cidade","status":"publish","type":"post","link":"https:\/\/tvc16.com\/portal\/2020\/11\/17\/testagens-continuam-hoje-na-cidade\/","title":{"rendered":"Testagens continuam hoje na cidade"},"content":{"rendered":"\n<p>Com o objetivo de antecipa\u00e7\u00f5es diante de uma poss\u00edvel segunda onda da COVID-19 no munic\u00edpio, e o monitoramento da doen\u00e7a na cidade, a prefeitura dar\u00e1 continuidade \u00e0s testagens em massa nesta ter\u00e7a-feira (17\/11). Os testes v\u00e3o ocorrer das 9h \u00e0s 16h, em Araras (Posto de Sa\u00fade da Fam\u00edlia) e Nogueira (Pra\u00e7a de Nogueira).<\/p>\n\n\n\n<p>Devido \u00e0s a\u00e7\u00f5es realizadas com o objetivo de prote\u00e7\u00e3o \u00e0 popula\u00e7\u00e3o, iniciadas no munic\u00edpio ainda em mar\u00e7o deste ano, Petr\u00f3polis apresenta, nesta segunda-feira (16\/11), um \u00edndice de ocupa\u00e7\u00e3o de 37.1% dos leitos exclusivos de UTI para a doen\u00e7a.<\/p>\n\n\n\n<p>\u201cA pandemia n\u00e3o acabou e \u00e9 extremamente importante que mantenhamos nossos cuidados para que a cidade n\u00e3o precise regredir em suas flexibiliza\u00e7\u00f5es, como o que vem ocorrendo em cidades pr\u00f3ximas. As novas a\u00e7\u00f5es de testagem v\u00e3o mostrar onde est\u00e3o os focos da doen\u00e7a na cidade e, desta forma, apontar quais bairros dever\u00e3o receber os trabalhos de conscientiza\u00e7\u00e3o da popula\u00e7\u00e3o. Todo o trabalho est\u00e1 sendo baseado em acompanhamento estat\u00edstico por parte da Secretaria de Sa\u00fade. Vale dizer que os testes nunca pararam na cidade. Todas as unidades de sa\u00fade permaneceram testando pacientes sintom\u00e1ticos mesmo durante a suspens\u00e3o tempor\u00e1ria dos testes em massa\u201d, afirmou a secret\u00e1ria de sa\u00fade, Fab\u00edola Heck.<\/p>\n\n\n\n<p>Para os atendimentos \u00e9 exigido um documento de identifica\u00e7\u00e3o com foto e n\u00e3o \u00e9 necess\u00e1ria a realiza\u00e7\u00e3o de cadastro pr\u00e9vio. Os usu\u00e1rios testados receber\u00e3o o resultado em 15 minutos pela equipe t\u00e9cnica respons\u00e1vel pelo trabalho. Vale lembrar que a nova fase das testagens em massa tem como objetivo a antecipa\u00e7\u00e3o de a\u00e7\u00f5es da sa\u00fade e o monitoramento da doen\u00e7a, diante de uma poss\u00edvel segunda onda da COVID-19 no pa\u00eds. O trabalho mant\u00e9m, ainda, o foco de salvar vidas na cidade.<\/p>\n","protected":false},"excerpt":{"rendered":"<p>Com o objetivo de antecipa\u00e7\u00f5es diante de uma poss\u00edvel segunda onda da COVID-19 no munic\u00edpio,<\/p>\n","protected":false},"author":2,"featured_media":5856,"comment_status":"open","ping_status":"open","sticky":false,"template":"","format":"standard","meta":{"footnotes":""},"categories":[12],"tags":[],"class_list":["post-5855","post","type-post","status-publish","format-standard","has-post-thumbnail","hentry","category-cidade"],"_links":{"self":[{"href":"https:\/\/tvc16.com\/portal\/wp-json\/wp\/v2\/posts\/5855","targetHints":{"allow":["GET"]}}],"collection":[{"href":"https:\/\/tvc16.com\/portal\/wp-json\/wp\/v2\/posts"}],"about":[{"href":"https:\/\/tvc16.com\/portal\/wp-json\/wp\/v2\/types\/post"}],"author":[{"embeddable":true,"href":"https:\/\/tvc16.com\/portal\/wp-json\/wp\/v2\/users\/2"}],"replies":[{"embeddable":true,"href":"https:\/\/tvc16.com\/portal\/wp-json\/wp\/v2\/comments?post=5855"}],"version-history":[{"count":1,"href":"https:\/\/tvc16.com\/portal\/wp-json\/wp\/v2\/posts\/5855\/revisions"}],"predecessor-version":[{"id":5857,"href":"https:\/\/tvc16.com\/portal\/wp-json\/wp\/v2\/posts\/5855\/revisions\/5857"}],"wp:featuredmedia":[{"embeddable":true,"href":"https:\/\/tvc16.com\/portal\/wp-json\/wp\/v2\/media\/5856"}],"wp:attachment":[{"href":"https:\/\/tvc16.com\/portal\/wp-json\/wp\/v2\/media?parent=5855"}],"wp:term":[{"taxonomy":"category","embeddable":true,"href":"https:\/\/tvc16.com\/portal\/wp-json\/wp\/v2\/categories?post=5855"},{"taxonomy":"post_tag","embeddable":true,"href":"https:\/\/tvc16.com\/portal\/wp-json\/wp\/v2\/tags?post=5855"}],"curies":[{"name":"wp","href":"https:\/\/api.w.org\/{rel}","templated":true}]}}