{"id":5864,"date":"2020-11-17T13:18:58","date_gmt":"2020-11-17T16:18:58","guid":{"rendered":"https:\/\/tvc16.com\/portal\/?p=5864"},"modified":"2020-11-17T13:19:01","modified_gmt":"2020-11-17T16:19:01","slug":"comissao-vai-ouvir-diretor-geral-da-aneel-para-falar-sobre-apagao-no-amapa","status":"publish","type":"post","link":"https:\/\/tvc16.com\/portal\/2020\/11\/17\/comissao-vai-ouvir-diretor-geral-da-aneel-para-falar-sobre-apagao-no-amapa\/","title":{"rendered":"Comiss\u00e3o vai ouvir diretor-geral da Aneel para falar sobre apag\u00e3o no Amap\u00e1"},"content":{"rendered":"\n<p>Andr\u00e9 Pepitone deve falar sobre as falhas que provocaram o apag\u00e3o, assim como apontar as medidas que est\u00e3o sendo tomadas para restabelecer a energia e impedir que o problema se repita.<\/p>\n\n\n\n<p>No Congresso Nacional, a <a href=\"https:\/\/legis.senado.leg.br\/comissoes\/comissao?0&amp;codcol=2342\">comiss\u00e3o mista<\/a>, entre deputados e senadores, que acompanha as medidas de enfrentamento \u00e0 Covid-19, ouve nesta ter\u00e7a-feira (17), \u00e0s 10h, o diretor-geral da Ag\u00eancia Nacional de Energia El\u00e9trica, Andr\u00e9 Pepitone, sobre o apag\u00e3o no Amap\u00e1.<\/p>\n\n\n\n<p>Na avalia\u00e7\u00e3o do presidente do colegiado, senado Conf\u00facio Moura (MDB-RO), os parlamentares n\u00e3o poderiam deixar de abordar esse assunto, uma vez que representa um drama vivido pela popula\u00e7\u00e3o do estado.<\/p>\n\n\n\n<p><a href=\"https:\/\/brasil61.com\/noticias\/mec-lanca-painel-de-orientacao-para-qualificacao-profissional-bras202626\"><strong>MEC lan\u00e7a painel de orienta\u00e7\u00e3o para qualifica\u00e7\u00e3o profissional<\/strong><\/a><\/p>\n\n\n\n<p><a href=\"https:\/\/brasil61.com\/noticias\/valores-do-repasse-do-pdde-emergencial-ja-podem-ser-consultados-pelos-municipios-bras202629\"><strong>Valores do repasse do PDDE emergencial j\u00e1 podem ser consultados pelos munic\u00edpios<\/strong><\/a><\/p>\n\n\n\n<p>Pepitone deve falar sobre as falhas que provocaram o apag\u00e3o, assim como apontar as medidas que est\u00e3o sendo tomadas para restabelecer a energia e impedir que o problema se repita.<\/p>\n\n\n\n<p>O ministro de Minas e Energia, Bento Albuquerque, explicou que o desligamento da energia se deu por conta de um inc\u00eandio em um dos transformadores de uma subesta\u00e7\u00e3o da capital Macap\u00e1.<\/p>\n\n\n\n<p>Para buscar uma solu\u00e7\u00e3o de maneira mais r\u00e1pida foi instalado um gabinete de crise especificamente para esta situa\u00e7\u00e3o.<\/p>\n\n\n\n<p>Fonte: <a href=\"https:\/\/brasil61.com\/noticias\/comissao-vai-ouvir-diretor-geral-da-aneel-para-falar-sobre-apagao-no-amapa-bras202633?email=bethdeoliveira@yahoo.com.br&amp;utm_source=email_individual&amp;utm_medium=email_individual&amp;utm_campaign=email_individual\" target=\"_blank\" rel=\"noreferrer noopener\">Brasil 61<\/a><\/p>\n","protected":false},"excerpt":{"rendered":"<p>Andr\u00e9 Pepitone deve falar sobre as falhas que provocaram o apag\u00e3o, assim como apontar as<\/p>\n","protected":false},"author":2,"featured_media":5865,"comment_status":"open","ping_status":"open","sticky":false,"template":"","format":"standard","meta":{"footnotes":""},"categories":[14],"tags":[],"class_list":["post-5864","post","type-post","status-publish","format-standard","has-post-thumbnail","hentry","category-pais"],"_links":{"self":[{"href":"https:\/\/tvc16.com\/portal\/wp-json\/wp\/v2\/posts\/5864","targetHints":{"allow":["GET"]}}],"collection":[{"href":"https:\/\/tvc16.com\/portal\/wp-json\/wp\/v2\/posts"}],"about":[{"href":"https:\/\/tvc16.com\/portal\/wp-json\/wp\/v2\/types\/post"}],"author":[{"embeddable":true,"href":"https:\/\/tvc16.com\/portal\/wp-json\/wp\/v2\/users\/2"}],"replies":[{"embeddable":true,"href":"https:\/\/tvc16.com\/portal\/wp-json\/wp\/v2\/comments?post=5864"}],"version-history":[{"count":1,"href":"https:\/\/tvc16.com\/portal\/wp-json\/wp\/v2\/posts\/5864\/revisions"}],"predecessor-version":[{"id":5866,"href":"https:\/\/tvc16.com\/portal\/wp-json\/wp\/v2\/posts\/5864\/revisions\/5866"}],"wp:featuredmedia":[{"embeddable":true,"href":"https:\/\/tvc16.com\/portal\/wp-json\/wp\/v2\/media\/5865"}],"wp:attachment":[{"href":"https:\/\/tvc16.com\/portal\/wp-json\/wp\/v2\/media?parent=5864"}],"wp:term":[{"taxonomy":"category","embeddable":true,"href":"https:\/\/tvc16.com\/portal\/wp-json\/wp\/v2\/categories?post=5864"},{"taxonomy":"post_tag","embeddable":true,"href":"https:\/\/tvc16.com\/portal\/wp-json\/wp\/v2\/tags?post=5864"}],"curies":[{"name":"wp","href":"https:\/\/api.w.org\/{rel}","templated":true}]}}