{"id":5884,"date":"2020-11-17T13:32:01","date_gmt":"2020-11-17T16:32:01","guid":{"rendered":"https:\/\/tvc16.com\/portal\/?p=5884"},"modified":"2020-11-17T13:32:05","modified_gmt":"2020-11-17T16:32:05","slug":"turismo-amarga-prejuizos-de-quase-229-bilhoes","status":"publish","type":"post","link":"https:\/\/tvc16.com\/portal\/2020\/11\/17\/turismo-amarga-prejuizos-de-quase-229-bilhoes\/","title":{"rendered":"Turismo amarga preju\u00edzos de quase 229 bilh\u00f5es"},"content":{"rendered":"\n<p>Governo Federal lan\u00e7ou programa para tentar reverter perdas na \u00e1rea<\/p>\n\n\n\n<p>A pandemia da Covid-19 atingiu duramente o turismo brasileiro e, entre mar\u00e7o e outubro deste ano, o setor amargou um preju\u00edzo de&nbsp;cerca de R$ 228,6 bilh\u00f5es. O dado \u00e9 da Confedera\u00e7\u00e3o Nacional do Com\u00e9rcio de Bens, Servi\u00e7os e Turismo (CNC). Segundo a entidade o faturamento do setor deve retornar a n\u00edveis pr\u00e9-pandemia apenas no terceiro trimestre de 2023. Juntos, os estados de S\u00e3o Paulo &#8211; R$ 82,28 bilh\u00f5es &#8211; e do Rio de Janeiro &#8211; R$ 33,71 bilh\u00f5es &#8211; concentram 50,7% do preju\u00edzo nacional.&nbsp;<\/p>\n\n\n\n<figure class=\"wp-block-image\"><img decoding=\"async\" src=\"\/\/s3-sa-east-1.amazonaws.com\/agencia-radio-arb\/3146\/content_perdas-mensais-faturamento.png\" alt=\"\"\/><\/figure>\n\n\n\n<p>Alexandre Sampaio, presidente da Federa\u00e7\u00e3o Brasileira de Hospedagem e Alimenta\u00e7\u00e3o (FBHA), disse que que o turismo no Pa\u00eds vem apresentando sinais de melhora aos poucos. &nbsp;De acordo com ele, o grande desafio \u00e9 ofertar servi\u00e7os com pre\u00e7os que se ajustem \u00e0 realidade da popula\u00e7\u00e3o e, ao mesmo tempo, consigam beneficiar os empres\u00e1rios diante de tantos preju\u00edzos.&nbsp;<\/p>\n\n\n\n<p>\u201cO pre\u00e7o tem sido um componente importante, porque, majoritariamente a popula\u00e7\u00e3o est\u00e1 com menos dinheiro. Contudo, isso tem que se adequar para dar mais sustentabilidade \u00e0s empresas\u201d, afirma. &nbsp;<\/p>\n\n\n\n<p>Para reverter as perdas na \u00e1rea, o Governo Federal lan\u00e7ou o programa Retomada do Turismo, iniciativa que vai unir esfor\u00e7os dos setores p\u00fablico e privado, terceiro setor e Sistema S, com o objetivo de fortalecer a \u00e1rea diante de tantas perdas. O programa vai reunir uma s\u00e9rie de iniciativas que ser\u00e3o lan\u00e7adas at\u00e9 31 de julho do pr\u00f3ximo ano.&nbsp;<\/p>\n\n\n\n<p><strong><a href=\"https:\/\/brasil61.com\/noticias\/turismo-prepara-retomada-das-atividades-com-foco-em-destinos-nacionais-bras200304\" target=\"_blank\" rel=\"noreferrer noopener\">Turismo prepara retomada das atividades com foco em destinos nacionais<\/a><\/strong><\/p>\n\n\n\n<h2 class=\"wp-block-heading\">Seguran\u00e7a<\/h2>\n\n\n\n<p>Em junho deste ano, o Minist\u00e9rio do Turismo lan\u00e7ou o selo Turismo Respons\u00e1vel &#8211; Limpo e Seguro, certificado que atesta que prestadores de servi\u00e7os do setor cumprem medidas sanit\u00e1rias para evitar o cont\u00e1gio do coronav\u00edrus. Para ter acesso ao selo, empresas e guias de turismo precisam estar inscritos no Cadastro de Prestadores de Servi\u00e7os Tur\u00edsticos (Cadastur). At\u00e9 20 de outubro, 23 mil selos foram emitidos, segundo o Minist\u00e9rio do Turismo.&nbsp;<\/p>\n\n\n\n<p>Na cerim\u00f4nia em que o programa Retomada do Turismo foi lan\u00e7ado, na \u00faltima semana, o titular da pasta, Marcelo \u00c1lvaro Ant\u00f4nio, ressaltou a import\u00e2ncia de que as pessoas procurem estabelecimentos credenciados com o selo. \u201cProcure os estabelecimentos que cont\u00eam o selo do Turismo Respons\u00e1vel, s\u00e3o mais de 23 mil estabelecimentos em todo o Brasil, obedecendo todos os protocolos de biosseguran\u00e7a\u201d, disse o ministro.&nbsp;<\/p>\n\n\n\n<h2 class=\"wp-block-heading\">Emprego<\/h2>\n\n\n\n<p>De acordo com o Cadastro Geral de Empregados e Desempregados (Caged), entre mar\u00e7o e setembro o setor de turismo eliminou 489,2 mil postos de empregos formais, o que equivale a 13,5% da for\u00e7a de trabalho na \u00e1rea. Segundo a CNC, \u00e9 previsto um encolhimento de 37,1% no faturamento real do setor de turismo em 2020.<\/p>\n\n\n\n<p>Desde o come\u00e7o da pandemia, o Minist\u00e9rio do Turismo afirma que j\u00e1 destinou R$ 5 bilh\u00f5es de cr\u00e9dito a empresas do setor, o que proporcionou a preserva\u00e7\u00e3o de mais de 26 mil empregos.&nbsp;<\/p>\n\n\n\n<p>Fonte: <a href=\"https:\/\/brasil61.com\/noticias\/turismo-amarga-prejuizos-de-quase-229-bilhoes-bras202631?email=bethdeoliveira@yahoo.com.br&amp;utm_source=newsletter&amp;utm_medium=newsletter&amp;utm_campaign=newsletter\" target=\"_blank\" rel=\"noreferrer noopener\">Brasil 61<\/a><\/p>\n","protected":false},"excerpt":{"rendered":"<p>Governo Federal lan\u00e7ou programa para tentar reverter perdas na \u00e1rea A pandemia da Covid-19 atingiu<\/p>\n","protected":false},"author":2,"featured_media":5885,"comment_status":"open","ping_status":"open","sticky":false,"template":"","format":"standard","meta":{"footnotes":""},"categories":[18],"tags":[],"class_list":["post-5884","post","type-post","status-publish","format-standard","has-post-thumbnail","hentry","category-economia"],"_links":{"self":[{"href":"https:\/\/tvc16.com\/portal\/wp-json\/wp\/v2\/posts\/5884","targetHints":{"allow":["GET"]}}],"collection":[{"href":"https:\/\/tvc16.com\/portal\/wp-json\/wp\/v2\/posts"}],"about":[{"href":"https:\/\/tvc16.com\/portal\/wp-json\/wp\/v2\/types\/post"}],"author":[{"embeddable":true,"href":"https:\/\/tvc16.com\/portal\/wp-json\/wp\/v2\/users\/2"}],"replies":[{"embeddable":true,"href":"https:\/\/tvc16.com\/portal\/wp-json\/wp\/v2\/comments?post=5884"}],"version-history":[{"count":1,"href":"https:\/\/tvc16.com\/portal\/wp-json\/wp\/v2\/posts\/5884\/revisions"}],"predecessor-version":[{"id":5886,"href":"https:\/\/tvc16.com\/portal\/wp-json\/wp\/v2\/posts\/5884\/revisions\/5886"}],"wp:featuredmedia":[{"embeddable":true,"href":"https:\/\/tvc16.com\/portal\/wp-json\/wp\/v2\/media\/5885"}],"wp:attachment":[{"href":"https:\/\/tvc16.com\/portal\/wp-json\/wp\/v2\/media?parent=5884"}],"wp:term":[{"taxonomy":"category","embeddable":true,"href":"https:\/\/tvc16.com\/portal\/wp-json\/wp\/v2\/categories?post=5884"},{"taxonomy":"post_tag","embeddable":true,"href":"https:\/\/tvc16.com\/portal\/wp-json\/wp\/v2\/tags?post=5884"}],"curies":[{"name":"wp","href":"https:\/\/api.w.org\/{rel}","templated":true}]}}