{"id":5887,"date":"2020-11-17T13:33:59","date_gmt":"2020-11-17T16:33:59","guid":{"rendered":"https:\/\/tvc16.com\/portal\/?p=5887"},"modified":"2020-11-17T13:34:03","modified_gmt":"2020-11-17T16:34:03","slug":"eleicoes-2020-campanha-para-segundo-turno-comeca-em-57-cidades","status":"publish","type":"post","link":"https:\/\/tvc16.com\/portal\/2020\/11\/17\/eleicoes-2020-campanha-para-segundo-turno-comeca-em-57-cidades\/","title":{"rendered":"Elei\u00e7\u00f5es 2020: Campanha para segundo turno come\u00e7a em 57 cidades"},"content":{"rendered":"\n<p>Eleitor voltar\u00e1 \u00e0s urnas no pr\u00f3ximo dia 29<\/p>\n\n\n\n<p>Cinquenta e sete cidades com mais de 200 mil habitantes ter\u00e3o disputa para prefeito no segundo turno nas elei\u00e7\u00f5es deste ano. Nessas localidades, que incluem 18 capitais, a campanha j\u00e1 recome\u00e7ou nesta segunda-feira (16), para a nova vota\u00e7\u00e3o marcada para o dia 29 de novembro.<\/p>\n\n\n\n<p>De acordo com o calend\u00e1rio eleitoral, divulgado pelo Tribunal Superior Eleitoral (TSE), os candidatos que disputam o segundo turno j\u00e1 podem realizar com\u00edcios, distribuir material gr\u00e1fico e utilizar alto-falantes para fazer campanha.\u00a0 A campanha no r\u00e1dio e TV s\u00f3 ter\u00e1 in\u00edcio na pr\u00f3xima sexta-feira (20) e se estende at\u00e9 27 de novembro, dois dias antes da vota\u00e7\u00e3o.<\/p>\n\n\n\n<p><a href=\"https:\/\/brasil61.com\/noticias\/maioria-das-capitais-do-nordeste-tera-segundo-turno-bras202624\"><strong>Maioria das capitais do Nordeste ter\u00e1 segundo turno<\/strong><\/a><\/p>\n\n\n\n<p><a href=\"https:\/\/brasil61.com\/noticias\/nao-votou-saiba-como-justifica-a-ausencia-nas-urnas-nas-eleicoes-2020-bras202614\"><strong>N\u00e3o votou? Saiba como justificar a aus\u00eancia nas urnas nas Elei\u00e7\u00f5es 2020<\/strong><\/a><\/p>\n\n\n\n<p>Al\u00e9m disso, nenhum dos candidatos pode ser detido ou preso a partir at\u00e9 a vota\u00e7\u00e3o, salvo no caso de flagrante delito, conforme previsto pelo C\u00f3digo Eleitoral.<\/p>\n\n\n\n<p>Em fun\u00e7\u00e3o do adiamento provocado pela pandemia de Covid-19, as elei\u00e7\u00f5es deste ano t\u00eam o menor intervalo entre turnos da hist\u00f3ria, com diferen\u00e7a de 13 dias. Normalmente, o per\u00edodo \u00e9 de tr\u00eas a quatro semanas.&nbsp;<\/p>\n\n\n\n<p>Fonte: <a href=\"https:\/\/brasil61.com\/noticias\/eleicoes-2020-campanha-para-segundo-turno-comeca-em-57-cidades-bras202634?email=bethdeoliveira@yahoo.com.br&amp;utm_source=newsletter&amp;utm_medium=newsletter&amp;utm_campaign=newsletter\" target=\"_blank\" rel=\"noreferrer noopener\">Brasil 61<\/a><\/p>\n","protected":false},"excerpt":{"rendered":"<p>Eleitor voltar\u00e1 \u00e0s urnas no pr\u00f3ximo dia 29 Cinquenta e sete cidades com mais de<\/p>\n","protected":false},"author":2,"featured_media":5888,"comment_status":"open","ping_status":"open","sticky":false,"template":"","format":"standard","meta":{"footnotes":""},"categories":[15],"tags":[],"class_list":["post-5887","post","type-post","status-publish","format-standard","has-post-thumbnail","hentry","category-politica"],"_links":{"self":[{"href":"https:\/\/tvc16.com\/portal\/wp-json\/wp\/v2\/posts\/5887","targetHints":{"allow":["GET"]}}],"collection":[{"href":"https:\/\/tvc16.com\/portal\/wp-json\/wp\/v2\/posts"}],"about":[{"href":"https:\/\/tvc16.com\/portal\/wp-json\/wp\/v2\/types\/post"}],"author":[{"embeddable":true,"href":"https:\/\/tvc16.com\/portal\/wp-json\/wp\/v2\/users\/2"}],"replies":[{"embeddable":true,"href":"https:\/\/tvc16.com\/portal\/wp-json\/wp\/v2\/comments?post=5887"}],"version-history":[{"count":1,"href":"https:\/\/tvc16.com\/portal\/wp-json\/wp\/v2\/posts\/5887\/revisions"}],"predecessor-version":[{"id":5889,"href":"https:\/\/tvc16.com\/portal\/wp-json\/wp\/v2\/posts\/5887\/revisions\/5889"}],"wp:featuredmedia":[{"embeddable":true,"href":"https:\/\/tvc16.com\/portal\/wp-json\/wp\/v2\/media\/5888"}],"wp:attachment":[{"href":"https:\/\/tvc16.com\/portal\/wp-json\/wp\/v2\/media?parent=5887"}],"wp:term":[{"taxonomy":"category","embeddable":true,"href":"https:\/\/tvc16.com\/portal\/wp-json\/wp\/v2\/categories?post=5887"},{"taxonomy":"post_tag","embeddable":true,"href":"https:\/\/tvc16.com\/portal\/wp-json\/wp\/v2\/tags?post=5887"}],"curies":[{"name":"wp","href":"https:\/\/api.w.org\/{rel}","templated":true}]}}