{"id":5890,"date":"2020-11-17T13:35:25","date_gmt":"2020-11-17T16:35:25","guid":{"rendered":"https:\/\/tvc16.com\/portal\/?p=5890"},"modified":"2020-11-17T13:35:28","modified_gmt":"2020-11-17T16:35:28","slug":"mec-pretende-elaborar-uma-matriz-nacional-comum-de-competencias-do-diretor-escolar","status":"publish","type":"post","link":"https:\/\/tvc16.com\/portal\/2020\/11\/17\/mec-pretende-elaborar-uma-matriz-nacional-comum-de-competencias-do-diretor-escolar\/","title":{"rendered":"MEC pretende elaborar uma Matriz Nacional Comum de Compet\u00eancias do Diretor Escolar"},"content":{"rendered":"\n<p>O documento vai servir para orientar as redes de ensino a empreender perfis adequados para atuar na gest\u00e3o escolar<\/p>\n\n\n\n<p>Com objetivo de elaborar uma Matriz Nacional Comum de Compet\u00eancias do Diretor Escolar, que vai servir para orientar as redes de ensino a empreender perfis adequados para atuar na gest\u00e3o escolar, a Secretaria de Educa\u00e7\u00e3o B\u00e1sica (SEB) do Minist\u00e9rio da Educa\u00e7\u00e3o (MEC) est\u00e1 organizando reuni\u00f5es t\u00e9cnicas para conversar com as pessoas diretamente envolvidas na gest\u00e3o escolar nos estados e munic\u00edpios. As entidades que representam as redes de ensino dos entes subnacionais, que s\u00e3o o Conselho Nacional de Secret\u00e1rios de Educa\u00e7\u00e3o (Consed) e a Uni\u00e3o Nacional dos Dirigentes Municipais de Educa\u00e7\u00e3o (Undime), foram solicitadas a indicar pessoas para participarem das reuni\u00f5es t\u00e9cnicas de revis\u00e3o do texto preliminar da Matriz.<\/p>\n\n\n\n<p><strong><a href=\"https:\/\/brasil61.com\/noticias\/governo-descarta-auxilio-emergencial-em-2021-e-aposta-em-investimento-de-r-5-73-bilhoes-no-bolsa-familia-bras202632\">Governo descarta Aux\u00edlio Emergencial em 2021 e aposta em investimento de R$5,73 bilh\u00f5es no Bolsa Fam\u00edlia<\/a><\/strong><\/p>\n\n\n\n<p><a href=\"https:\/\/brasil61.com\/noticias\/mec-lanca-painel-de-orientacao-para-qualificacao-profissional-bras202626\"><strong>MEC lan\u00e7a painel de orienta\u00e7\u00e3o para qualifica\u00e7\u00e3o profissional<\/strong><\/a><\/p>\n\n\n\n<p>O pedido foi de vinte diretores de escolas, sendo quatro diretores de cada uma das regi\u00f5es do pa\u00eds; e vinte representantes dos secret\u00e1rios de educa\u00e7\u00e3o, sendo quatro secret\u00e1rios de cada uma das regi\u00f5es do pa\u00eds. O documento ser\u00e1 elaborado de acordo com as normas educacionais nacionais vigentes e ainda contribuir\u00e1 com os sistemas de ensino para o estabelecimento de processo que leve em conta crit\u00e9rios t\u00e9cnicos de m\u00e9rito e desempenho na sele\u00e7\u00e3o de diretores escolares, conforme prev\u00ea o Plano Nacional de Ensino em sua Meta 19.<\/p>\n\n\n\n<p>Fonte: <a href=\"https:\/\/brasil61.com\/noticias\/mec-pretende-elaborar-uma-matriz-nacional-comum-de-competencias-do-diretor-escolar-bras202643?email=bethdeoliveira@yahoo.com.br&amp;utm_source=newsletter&amp;utm_medium=newsletter&amp;utm_campaign=newsletter\" target=\"_blank\" rel=\"noreferrer noopener\">Brasil 61<\/a><\/p>\n","protected":false},"excerpt":{"rendered":"<p>O documento vai servir para orientar as redes de ensino a empreender perfis adequados para<\/p>\n","protected":false},"author":2,"featured_media":5891,"comment_status":"open","ping_status":"open","sticky":false,"template":"","format":"standard","meta":{"footnotes":""},"categories":[19],"tags":[],"class_list":["post-5890","post","type-post","status-publish","format-standard","has-post-thumbnail","hentry","category-educacao"],"_links":{"self":[{"href":"https:\/\/tvc16.com\/portal\/wp-json\/wp\/v2\/posts\/5890","targetHints":{"allow":["GET"]}}],"collection":[{"href":"https:\/\/tvc16.com\/portal\/wp-json\/wp\/v2\/posts"}],"about":[{"href":"https:\/\/tvc16.com\/portal\/wp-json\/wp\/v2\/types\/post"}],"author":[{"embeddable":true,"href":"https:\/\/tvc16.com\/portal\/wp-json\/wp\/v2\/users\/2"}],"replies":[{"embeddable":true,"href":"https:\/\/tvc16.com\/portal\/wp-json\/wp\/v2\/comments?post=5890"}],"version-history":[{"count":1,"href":"https:\/\/tvc16.com\/portal\/wp-json\/wp\/v2\/posts\/5890\/revisions"}],"predecessor-version":[{"id":5892,"href":"https:\/\/tvc16.com\/portal\/wp-json\/wp\/v2\/posts\/5890\/revisions\/5892"}],"wp:featuredmedia":[{"embeddable":true,"href":"https:\/\/tvc16.com\/portal\/wp-json\/wp\/v2\/media\/5891"}],"wp:attachment":[{"href":"https:\/\/tvc16.com\/portal\/wp-json\/wp\/v2\/media?parent=5890"}],"wp:term":[{"taxonomy":"category","embeddable":true,"href":"https:\/\/tvc16.com\/portal\/wp-json\/wp\/v2\/categories?post=5890"},{"taxonomy":"post_tag","embeddable":true,"href":"https:\/\/tvc16.com\/portal\/wp-json\/wp\/v2\/tags?post=5890"}],"curies":[{"name":"wp","href":"https:\/\/api.w.org\/{rel}","templated":true}]}}