{"id":5896,"date":"2020-11-17T13:39:03","date_gmt":"2020-11-17T16:39:03","guid":{"rendered":"https:\/\/tvc16.com\/portal\/?p=5896"},"modified":"2020-11-17T13:39:06","modified_gmt":"2020-11-17T16:39:06","slug":"governo-descarta-auxilio-emergencial-em-2021-e-aposta-em-investimento-de-r573-bilhoes-no-bolsa-familia","status":"publish","type":"post","link":"https:\/\/tvc16.com\/portal\/2020\/11\/17\/governo-descarta-auxilio-emergencial-em-2021-e-aposta-em-investimento-de-r573-bilhoes-no-bolsa-familia\/","title":{"rendered":"Governo descarta Aux\u00edlio Emergencial em 2021 e aposta em investimento de R$5,73 bilh\u00f5es no Bolsa Fam\u00edlia"},"content":{"rendered":"\n<p>Os recursos beneficiar\u00e3o cerca de 3 milh\u00f5es de pessoas que ficaram temporariamente pobres ou que n\u00e3o puderam ingressar no programa anteriormente<\/p>\n\n\n\n<p>O Banco Mundial aprovou empr\u00e9stimo de R$ 5,73 bilh\u00f5es para ajudar a garantir a expans\u00e3o do Programa Bolsa Fam\u00edlia. &nbsp;A medida integra um <a href=\"https:\/\/www.gov.br\/cidadania\/pt-br\/noticias-e-conteudos\/desenvolvimento-social\/noticias-desenvolvimento-social\/banco-mundial-aprova-emprestimo-de-us-1-bilhao-para-reforcar-bolsa-familia\">projeto de parceria<\/a> do banco multilateral com o Governo Federal para preservar a renda da popula\u00e7\u00e3o mais afetada pela pandemia do novo coronav\u00edrus. &nbsp;<br>Os recursos destinados pelo banco beneficiar\u00e3o cerca de <a href=\"https:\/\/www.gov.br\/pt-br\/noticias\/assistencia-social\/2020\/11\/expansao-do-bolsa-familia-beneficiara-cerca-de-3-milhoes-de-pessoas\">3 milh\u00f5es de pessoas<\/a> que ficaram temporariamente pobres ou que n\u00e3o puderam ingressar no programa anteriormente. Atualmente, o programa social atende mais de 14 milh\u00f5es de fam\u00edlias. A medida, em conjunto com o Aux\u00edlio Emergencial, foi uma das a\u00e7\u00f5es do governo tomadas para auxiliar a popula\u00e7\u00e3o brasileira.<\/p>\n\n\n\n<p>A fam\u00edlia da Rute Silva, moradora de Bebedouro, distrito de Campo Formoso na Bahia \u00e9 beneficiada com o aux\u00edlio. Segundo ela, sem o benef\u00edcio seria imposs\u00edvel manter a casa neste momento de pandemia. \u201cAqui no Nordeste, onde a gente mora, est\u00e1 dif\u00edcil ter trabalho e o Bolsa Fam\u00edlia nos ajuda. O benef\u00edcio ajuda a comprar alimento para nossa fam\u00edlia e com o fim do Aux\u00edlio Emergencial vai ser dif\u00edcil. O que vamos fazer com R$ 190,00 para segurar uma fam\u00edlia? O pre\u00e7o do alimento est\u00e1 um absurdo!\u201d, questiona.<\/p>\n\n\n\n<p><strong><a href=\"https:\/\/brasil61.com\/noticias\/familias-passarao-a-receber-o-bolsa-familia-somado-ao-auxilio-emergencial-ate-dezembro-bras202308\">Fam\u00edlias passar\u00e3o a receber o Bolsa Fam\u00edlia somado ao Aux\u00edlio Emergencial at\u00e9 dezembro<\/a><\/strong><\/p>\n\n\n\n<p><strong><a href=\"https:\/\/brasil61.com\/noticias\/beneficiarios-podem-contestar-cancelamento-da-extensao-do-auxilio-emergencial-bras202479\">Benefici\u00e1rios podem contestar cancelamento da extens\u00e3o do Aux\u00edlio Emergencial<\/a><\/strong><\/p>\n\n\n\n<p><strong><a href=\"https:\/\/brasil61.com\/noticias\/governo-federal-divulga-novos-prazos-para-extensao-do-auxilio-emergencial-bras202474\">Governo Federal divulga novos prazos para extens\u00e3o do Aux\u00edlio Emergencial<\/a><\/strong><\/p>\n\n\n\n<p>De acordo com o economista e conselheiro do Conselho Regional de Economia do Distrito Federal, Jos\u00e9 Luiz Pagnussat, n\u00e3o h\u00e1 o temer em rela\u00e7\u00e3o a esse empr\u00e9stimo, uma vez que o piso deste gasto \u00e9 relativamente pequeno e o retorno dessa inje\u00e7\u00e3o pode movimentar a economia brasileira. (Confira a entrevista completa abaixo)<\/p>\n\n\n\n<p>\u201cCom o fim do Aux\u00edlio Emergencial a ideia de ampliar o alcance do Bolsa Fam\u00edlia \u00e9 altamente positiva para a economia brasileira uma vez que, a transfer\u00eancia de renda \u00e0s fam\u00edlias mais pobres, acaba aumentando a circula\u00e7\u00e3o de dinheiro na economia. Tendo demanda vai ter mais produ\u00e7\u00e3o, emprego, mais gente com sal\u00e1rio demandando bens e servi\u00e7os e assim, a economia reativa\u201d, analisa.<\/p>\n\n\n\n<p>Na \u00faltima semana o ministro da Economia, Paulo Guedes, informou que o Aux\u00edlio Emergencial ser\u00e1 encerrado em 31 de dezembro e o benef\u00edcio do Bolsa Fam\u00edlia \u00e9 o plano A do governo para programas de assist\u00eancia \u00e0 popula\u00e7\u00e3o mais pobre.<br>\u201cQual o plano para o Aux\u00edlio Emergencial? Remo\u00e7\u00e3o gradual. Est\u00e1 marcado para o dia 31 de dezembro deste ano acabar com o Aux\u00edlio. J\u00e1 foi R$ 600, caiu para R$ 300 e ele acaba e n\u00f3s voltamos para o Bolsa Fam\u00edlia\u201d, afirmou.<\/p>\n\n\n\n<p>O acordo de empr\u00e9stimo entre o Banco Mundial e o Governo Federal ser\u00e1 celebrado por meio do Minist\u00e9rio da Economia, com execu\u00e7\u00e3o e implementa\u00e7\u00e3o do Minist\u00e9rio da Cidadania. O investimento tamb\u00e9m ser\u00e1 utilizado no aprimoramento do programa para 2021, a partir da experi\u00eancia adquirida com o Aux\u00edlio Emergencial.<\/p>\n\n\n\n<p>Os especialistas da institui\u00e7\u00e3o financeira apoiar\u00e3o o Minist\u00e9rio da Cidadania na reestrutura\u00e7\u00e3o das pol\u00edticas, avalia\u00e7\u00f5es de impacto, estudos sobre renda e empregabilidade, conex\u00f5es para qualifica\u00e7\u00e3o profissional e mercado de trabalho. Al\u00e9m disso, est\u00e3o previstas inova\u00e7\u00f5es no conceito e simplifica\u00e7\u00e3o da estrutura do Bolsa Fam\u00edlia, com foco na primeira inf\u00e2ncia, educa\u00e7\u00e3o financeira e valoriza\u00e7\u00e3o do m\u00e9rito.<\/p>\n\n\n\n<figure class=\"wp-block-embed-youtube wp-block-embed is-type-rich is-provider-incorporar-manipulador wp-embed-aspect-16-9 wp-has-aspect-ratio\"><div class=\"wp-block-embed__wrapper\">\n<iframe loading=\"lazy\" title=\"Extensao do Bolsa Fam\u00edlia para mais 3 milh\u00f5es de pessoas\" width=\"640\" height=\"360\" src=\"https:\/\/www.youtube.com\/embed\/AwN9soQWS-s?feature=oembed\" frameborder=\"0\" allow=\"accelerometer; autoplay; clipboard-write; encrypted-media; gyroscope; picture-in-picture; web-share\" referrerpolicy=\"strict-origin-when-cross-origin\" allowfullscreen><\/iframe>\n<\/div><\/figure>\n\n\n\n<p>Fonte: <a href=\"https:\/\/brasil61.com\/noticias\/governo-descarta-auxilio-emergencial-em-2021-e-aposta-em-investimento-de-r-5-73-bilhoes-no-bolsa-familia-bras202632?email=bethdeoliveira@yahoo.com.br&amp;utm_source=newsletter&amp;utm_medium=newsletter&amp;utm_campaign=newsletter\" target=\"_blank\" rel=\"noreferrer noopener\">Brasil 61<\/a><\/p>\n","protected":false},"excerpt":{"rendered":"<p>Os recursos beneficiar\u00e3o cerca de 3 milh\u00f5es de pessoas que ficaram temporariamente pobres ou que<\/p>\n","protected":false},"author":2,"featured_media":5898,"comment_status":"open","ping_status":"open","sticky":false,"template":"","format":"standard","meta":{"footnotes":""},"categories":[18],"tags":[],"class_list":["post-5896","post","type-post","status-publish","format-standard","has-post-thumbnail","hentry","category-economia"],"_links":{"self":[{"href":"https:\/\/tvc16.com\/portal\/wp-json\/wp\/v2\/posts\/5896","targetHints":{"allow":["GET"]}}],"collection":[{"href":"https:\/\/tvc16.com\/portal\/wp-json\/wp\/v2\/posts"}],"about":[{"href":"https:\/\/tvc16.com\/portal\/wp-json\/wp\/v2\/types\/post"}],"author":[{"embeddable":true,"href":"https:\/\/tvc16.com\/portal\/wp-json\/wp\/v2\/users\/2"}],"replies":[{"embeddable":true,"href":"https:\/\/tvc16.com\/portal\/wp-json\/wp\/v2\/comments?post=5896"}],"version-history":[{"count":1,"href":"https:\/\/tvc16.com\/portal\/wp-json\/wp\/v2\/posts\/5896\/revisions"}],"predecessor-version":[{"id":5899,"href":"https:\/\/tvc16.com\/portal\/wp-json\/wp\/v2\/posts\/5896\/revisions\/5899"}],"wp:featuredmedia":[{"embeddable":true,"href":"https:\/\/tvc16.com\/portal\/wp-json\/wp\/v2\/media\/5898"}],"wp:attachment":[{"href":"https:\/\/tvc16.com\/portal\/wp-json\/wp\/v2\/media?parent=5896"}],"wp:term":[{"taxonomy":"category","embeddable":true,"href":"https:\/\/tvc16.com\/portal\/wp-json\/wp\/v2\/categories?post=5896"},{"taxonomy":"post_tag","embeddable":true,"href":"https:\/\/tvc16.com\/portal\/wp-json\/wp\/v2\/tags?post=5896"}],"curies":[{"name":"wp","href":"https:\/\/api.w.org\/{rel}","templated":true}]}}