{"id":58982,"date":"2023-05-09T05:00:00","date_gmt":"2023-05-09T08:00:00","guid":{"rendered":"https:\/\/tvc16.com\/portal\/?p=58982"},"modified":"2023-05-08T17:52:16","modified_gmt":"2023-05-08T20:52:16","slug":"associacao-isla-do-brasil-promove-evento-contra-intolerancia-religiosa","status":"publish","type":"post","link":"https:\/\/tvc16.com\/portal\/2023\/05\/09\/associacao-isla-do-brasil-promove-evento-contra-intolerancia-religiosa\/","title":{"rendered":"Associa\u00e7\u00e3o Isl\u00e3 do Brasil promove evento contra intoler\u00e2ncia religiosa"},"content":{"rendered":"\n<p>A Comunidade Ahmadia Mu\u00e7ulmana do Brasil realizou a sua 29\u00aa Jalsa Salana (Reuni\u00e3o Anual) nos dias 28, 29 e 30 de abril com o tema &#8220;liberdade religiosa&#8221;. O evento aconteceu na Associa\u00e7\u00e3o Ahmadia do Isl\u00e3 com o objetivo de debater e trocar experi\u00eancias, entre representantes religiosos de mais de 10 religi\u00f5es. Cerca de 125 pessoas compareceram ao encontro.<\/p>\n\n\n\n<p>O evento contou com a presen\u00e7a do l\u00edder internacional da Ahmadia, Hazrat Mirza, os vereadores Hingo Hammes e Mauro Peralta, e um representante da Prefeitura de Petr\u00f3polis. \u201cN\u00f3s escolhemos o tema liberdade religiosa, que \u00e9 um assunto que muitas cidades est\u00e3o falando&#8221;, comentou o presidente da Associa\u00e7\u00e3o, Wasin Ahmad.<\/p>\n\n\n\n<p>Ainda segundo ele, o desconhecimento muitas vezes resulta em situa\u00e7\u00f5es como o preconceito religioso. \u201cAs pessoas n\u00e3o t\u00eam muito conhecimento sobre as religi\u00f5es, por isso as vezes acreditam que outra religi\u00e3o n\u00e3o tem salva\u00e7\u00e3o. Mas aqui damos exemplo que todos podem viver em paz e com respeito\u201d, afirmou.<\/p>\n\n\n\n<p>Outro representante que tamb\u00e9m comentou sobre o assunto foi o Secret\u00e1rio Geral da Associa\u00e7\u00e3o Nadeem Tahir. Ele acredita que as reuni\u00f5es s\u00e3o uma oportunidade para todos conversarem e conhecerem mais sobre outras religi\u00f5es. \u201cTodos t\u00eam a oportunidade de conhecer uns aos outros pessoalmente, ouvir a palavra ali que as vezes n\u00e3o \u00e9 muito o que se pensa, os preconceitos que se tem, ent\u00e3o acho que \u00e9 o momento que a pessoa tem ali a oportunidade de vivenciar o que o outro preza\u201d, finalizou Nadeem.<\/p>\n\n\n\n<p>Wassim ainda convida para as reuni\u00f5es que s\u00e3o abertas para o p\u00fablico e espalha o lema da associa\u00e7\u00e3o \u201cAmor para todos e \u00f3dio para ningu\u00e9m\u201d.<\/p>\n\n\n\n<p>Por Guilherme Mattos\/foto: divulga\u00e7\u00e3o<\/p>\n","protected":false},"excerpt":{"rendered":"<p>A Comunidade Ahmadia Mu\u00e7ulmana do Brasil realizou a sua 29\u00aa Jalsa Salana (Reuni\u00e3o Anual) nos<\/p>\n","protected":false},"author":2,"featured_media":58983,"comment_status":"open","ping_status":"open","sticky":false,"template":"","format":"standard","meta":{"footnotes":""},"categories":[12],"tags":[],"class_list":["post-58982","post","type-post","status-publish","format-standard","has-post-thumbnail","hentry","category-cidade"],"_links":{"self":[{"href":"https:\/\/tvc16.com\/portal\/wp-json\/wp\/v2\/posts\/58982","targetHints":{"allow":["GET"]}}],"collection":[{"href":"https:\/\/tvc16.com\/portal\/wp-json\/wp\/v2\/posts"}],"about":[{"href":"https:\/\/tvc16.com\/portal\/wp-json\/wp\/v2\/types\/post"}],"author":[{"embeddable":true,"href":"https:\/\/tvc16.com\/portal\/wp-json\/wp\/v2\/users\/2"}],"replies":[{"embeddable":true,"href":"https:\/\/tvc16.com\/portal\/wp-json\/wp\/v2\/comments?post=58982"}],"version-history":[{"count":1,"href":"https:\/\/tvc16.com\/portal\/wp-json\/wp\/v2\/posts\/58982\/revisions"}],"predecessor-version":[{"id":58984,"href":"https:\/\/tvc16.com\/portal\/wp-json\/wp\/v2\/posts\/58982\/revisions\/58984"}],"wp:featuredmedia":[{"embeddable":true,"href":"https:\/\/tvc16.com\/portal\/wp-json\/wp\/v2\/media\/58983"}],"wp:attachment":[{"href":"https:\/\/tvc16.com\/portal\/wp-json\/wp\/v2\/media?parent=58982"}],"wp:term":[{"taxonomy":"category","embeddable":true,"href":"https:\/\/tvc16.com\/portal\/wp-json\/wp\/v2\/categories?post=58982"},{"taxonomy":"post_tag","embeddable":true,"href":"https:\/\/tvc16.com\/portal\/wp-json\/wp\/v2\/tags?post=58982"}],"curies":[{"name":"wp","href":"https:\/\/api.w.org\/{rel}","templated":true}]}}