{"id":58988,"date":"2023-05-09T05:00:00","date_gmt":"2023-05-09T08:00:00","guid":{"rendered":"https:\/\/tvc16.com\/portal\/?p=58988"},"modified":"2023-05-08T17:58:30","modified_gmt":"2023-05-08T20:58:30","slug":"firjan-defende-ampliacao-de-alcance-da-lei-do-bem-em-evento-com-ministra-da-ciencia-tecnologia-e-inovacao","status":"publish","type":"post","link":"https:\/\/tvc16.com\/portal\/2023\/05\/09\/firjan-defende-ampliacao-de-alcance-da-lei-do-bem-em-evento-com-ministra-da-ciencia-tecnologia-e-inovacao\/","title":{"rendered":"Firjan defende amplia\u00e7\u00e3o de alcance da Lei do Bem em evento com Ministra da Ci\u00eancia, Tecnologia e Inova\u00e7\u00e3o"},"content":{"rendered":"\n<p>A agenda de fortalecimento da amplia\u00e7\u00e3o e alcance da \u201cLei do Bem, promovida pela Firjan com o Minist\u00e9rio da CTI, na segunda-feira (8), na sede da federa\u00e7\u00e3o, ratificou a import\u00e2ncia dos incentivos da lei para o setor produtivo fluminense, por ser ineg\u00e1vel instrumento de est\u00edmulo \u00e0 competitividade, ao incentivar Pesquisa, Desenvolvimento e Inova\u00e7\u00e3o.\u00a0<\/p>\n\n\n\n<p>A Firjan entende que uma das contribui\u00e7\u00f5es que pode dar ao debate sobre o tema \u00e9 destacar a relev\u00e2ncia de reflex\u00e3o sobre o atual acesso aos incentivos de uma legisla\u00e7\u00e3o t\u00e3o importante limitado \u00e0s empresas sob o regime de lucro real. \u201cAo limitar seu alcance \u00e0s empresas que operam sob o lucro real, a Lei do Bem exclui as empresas que recorrem ao Simples Nacional, ou seja, as de menor porte. E, como todos sabemos, s\u00e3o justamente os neg\u00f3cios de pequeno porte os que representam a maior parte das empresas. A cada momento que passa, os investimentos em Pesquisa, Desenvolvimento e Inova\u00e7\u00e3o se tornam ainda mais essenciais para a sobreviv\u00eancia de uma empresa, independentemente do tamanho. Logo, \u00e9 da maior import\u00e2ncia a amplia\u00e7\u00e3o das empresas participantes, em benef\u00edcio a um maior desenvolvimento da economia\u201d, destacou Eduardo Eugenio Gouv\u00eaa Vieira, presidente da Firjan.<\/p>\n\n\n\n<p>Um outro ponto, anunciado pelo MCTI durante o evento, tem a ver com a necessidade de simplificar os mecanismos de acesso e reduzir o per\u00edodo de an\u00e1lise dos pedidos. As ind\u00fastrias necessitam de mais informa\u00e7\u00f5es e de mais assessoramento para acessarem a Lei do Bem.<\/p>\n\n\n\n<p>Ampliar o alcance da lei por meio de a\u00e7\u00f5es como eventos, workshops, assessorias gratuitas, etc.,&nbsp; em parceria com o setor produtivo, com o objetivo de divulgar e desmistificar as formas de utiliza\u00e7\u00e3o do incentivo fiscal, j\u00e1 \u00e9 pleito da Federa\u00e7\u00e3o das Ind\u00fastrias do Estado do Rio de Janeiro, destacado&nbsp; desde o ano passado, quando a Firjan publicou a Agenda de Propostas Firjan para um Brasil 4.0, uma contribui\u00e7\u00e3o do empresariado fluminense ao planejamento de pol\u00edticas p\u00fablicas para os governos federal e estadual.<\/p>\n\n\n\n<p>A ministra da Ci\u00eancia Tecnologia e Inova\u00e7\u00e3o, Luciana Santos, e o secret\u00e1rio- executivo Luis Fernandes, agradeceram poder contar com a parceria da Firjan para que a Lei do Bem beneficie ainda mais o desenvolvimento do estado do Rio e do Brasil e reafirmaram que todas as considera\u00e7\u00f5es feitas durante o encontro ser\u00e3o analisadas como forma de incentivar o aumento do investimento em PD&amp;I no Brasil. \u201cTemos o compromisso de apoiar o setor produtivo, seja com reformas econ\u00f4micas, que reduzem o custo da produ\u00e7\u00e3o,\u00a0 seja com os benef\u00edcios da Lei do Bem, que faz do Estado um parceiro da empresa ao compartilhar o risco tecnol\u00f3gico inerente ao processo de inovar. Estamos buscando recuperar a capacidade cient\u00edfica do pa\u00eds, com recomposi\u00e7\u00e3o do financiamento da ci\u00eancia brasileira\u201d, finalizou Santos.<\/p>\n\n\n\n<p><strong><em>Foto: Paula Johas<\/em><\/strong><\/p>\n","protected":false},"excerpt":{"rendered":"<p>A agenda de fortalecimento da amplia\u00e7\u00e3o e alcance da \u201cLei do Bem, promovida pela Firjan<\/p>\n","protected":false},"author":2,"featured_media":58989,"comment_status":"open","ping_status":"open","sticky":false,"template":"","format":"standard","meta":{"footnotes":""},"categories":[12],"tags":[],"class_list":["post-58988","post","type-post","status-publish","format-standard","has-post-thumbnail","hentry","category-cidade"],"_links":{"self":[{"href":"https:\/\/tvc16.com\/portal\/wp-json\/wp\/v2\/posts\/58988","targetHints":{"allow":["GET"]}}],"collection":[{"href":"https:\/\/tvc16.com\/portal\/wp-json\/wp\/v2\/posts"}],"about":[{"href":"https:\/\/tvc16.com\/portal\/wp-json\/wp\/v2\/types\/post"}],"author":[{"embeddable":true,"href":"https:\/\/tvc16.com\/portal\/wp-json\/wp\/v2\/users\/2"}],"replies":[{"embeddable":true,"href":"https:\/\/tvc16.com\/portal\/wp-json\/wp\/v2\/comments?post=58988"}],"version-history":[{"count":1,"href":"https:\/\/tvc16.com\/portal\/wp-json\/wp\/v2\/posts\/58988\/revisions"}],"predecessor-version":[{"id":58990,"href":"https:\/\/tvc16.com\/portal\/wp-json\/wp\/v2\/posts\/58988\/revisions\/58990"}],"wp:featuredmedia":[{"embeddable":true,"href":"https:\/\/tvc16.com\/portal\/wp-json\/wp\/v2\/media\/58989"}],"wp:attachment":[{"href":"https:\/\/tvc16.com\/portal\/wp-json\/wp\/v2\/media?parent=58988"}],"wp:term":[{"taxonomy":"category","embeddable":true,"href":"https:\/\/tvc16.com\/portal\/wp-json\/wp\/v2\/categories?post=58988"},{"taxonomy":"post_tag","embeddable":true,"href":"https:\/\/tvc16.com\/portal\/wp-json\/wp\/v2\/tags?post=58988"}],"curies":[{"name":"wp","href":"https:\/\/api.w.org\/{rel}","templated":true}]}}