{"id":58991,"date":"2023-05-09T05:00:00","date_gmt":"2023-05-09T08:00:00","guid":{"rendered":"https:\/\/tvc16.com\/portal\/?p=58991"},"modified":"2023-05-08T18:02:28","modified_gmt":"2023-05-08T21:02:28","slug":"moradores-da-rua-carolina-justen-em-petropolis-denunciam-a-condicao-precaria-da-via-e-falta-de-iluminacao-na-regiao","status":"publish","type":"post","link":"https:\/\/tvc16.com\/portal\/2023\/05\/09\/moradores-da-rua-carolina-justen-em-petropolis-denunciam-a-condicao-precaria-da-via-e-falta-de-iluminacao-na-regiao\/","title":{"rendered":"Moradores da Rua Carolina Justen, em Petr\u00f3polis, denunciam a condi\u00e7\u00e3o prec\u00e1ria da via e falta de ilumina\u00e7\u00e3o na regi\u00e3o"},"content":{"rendered":"\n<p>A Rua Carolina Justen, na Vila Militar, tem sido alvo de abandono por parte do poder p\u00fablico. Os moradores reclamam dos buracos e do desnivelamento da rua que atrapalha n\u00e3o s\u00f3 os ve\u00edculos, mas tamb\u00e9m oferece risco de queda, principalmente para os idosos e crian\u00e7as que vivem na regi\u00e3o. A dona de casa, Maria Garcia, de 76 anos, t\u00eam dificuldades de locomo\u00e7\u00e3o e devido \u00e0s condi\u00e7\u00f5es da rua, fica limitada sem poder sair de casa. Ela teme cair e se acidentar. <\/p>\n\n\n\n<p>\u201cS\u00e3o in\u00fameros problemas aqui, inclusive, na parte de cima da rua e, tamb\u00e9m no in\u00edcio, precisamos andar no escuro, correndo o risco de algo ruim acontecer. Eu n\u00e3o saio mais de casa, porque tenho medo de cair. Quando saio precisa ser acompanhada de uma pessoa ou utilizando bengala. Mas, claro, utilizo aplicativo particular, porque \u00e9 imposs\u00edvel descer a via a p\u00e9\u201d, conta a idosa.<\/p>\n\n\n\n<figure class=\"wp-block-image size-large\"><img loading=\"lazy\" decoding=\"async\" width=\"1024\" height=\"576\" src=\"https:\/\/tvc16.com\/portal\/wp-content\/uploads\/2023\/05\/WhatsApp-Image-2023-05-08-at-18.00.32-1024x576.jpeg\" alt=\"\" class=\"wp-image-58993\" srcset=\"https:\/\/tvc16.com\/portal\/wp-content\/uploads\/2023\/05\/WhatsApp-Image-2023-05-08-at-18.00.32-1024x576.jpeg 1024w, https:\/\/tvc16.com\/portal\/wp-content\/uploads\/2023\/05\/WhatsApp-Image-2023-05-08-at-18.00.32-300x169.jpeg 300w, https:\/\/tvc16.com\/portal\/wp-content\/uploads\/2023\/05\/WhatsApp-Image-2023-05-08-at-18.00.32-768x432.jpeg 768w, https:\/\/tvc16.com\/portal\/wp-content\/uploads\/2023\/05\/WhatsApp-Image-2023-05-08-at-18.00.32-1536x864.jpeg 1536w, https:\/\/tvc16.com\/portal\/wp-content\/uploads\/2023\/05\/WhatsApp-Image-2023-05-08-at-18.00.32.jpeg 1600w\" sizes=\"auto, (max-width: 1024px) 100vw, 1024px\" \/><\/figure>\n\n\n\n<p>A situa\u00e7\u00e3o segue desde a chuva de mar\u00e7o de 2022 quando a localidade foi atingida por deslizamentos. Al\u00e9m da condi\u00e7\u00e3o prec\u00e1ria da rua, a aposentada Maria L\u00facia Barreto, reclama tamb\u00e9m que teve a casa interditada, mas at\u00e9 hoje a defesa civil n\u00e3o retornou para reavaliar o im\u00f3vel. \u201cD\u00e1 uma tristeza ver minha casa correndo risco de ceder. Ela \u00e9 uma heran\u00e7a que meu pai deixou para mim. Moro aqui h\u00e1 mais de 50 anos e agora estamos abandonados. Se perguntar, ningu\u00e9m sabe que aqui tamb\u00e9m teve barreira, porque estamos esquecidos\u201d, reclama a aposentada.<\/p>\n\n\n\n<p>Boa parte dos postes est\u00e1 com as l\u00e2mpadas queimadas. Durante a noite, os moradores se arriscam passando no escuro para chegarem at\u00e9 as casas. O trajeto \u00e9 feito a p\u00e9, porque o \u00f4nibus s\u00f3 leva os passageiros at\u00e9 a rua principal. O local sofre tamb\u00e9m com a falta de poda. A rua \u00e9 tomada pela vegeta\u00e7\u00e3o com frequ\u00eancia, inclusive, o corrim\u00e3o que auxilia os pedestres a subirem e descerem em seguran\u00e7a. Com isso, os pr\u00f3prios moradores se re\u00fanem para cortar o mato.<\/p>\n\n\n\n<p>Quando chove, devido ao desnivelamento da via, a \u00e1gua invade as casas, gerando acumulo de l\u00edquido no solo. Para evitar o problema, a costureira \u00c2ngela Mello, que mora na regi\u00e3o h\u00e1 42 anos, precisou comprar pedras para tampar os buracos. \u201cEu tirei dinheiro do meu pr\u00f3prio bolso para fazer o reparo. A prefeitura poderia asfaltar a rua, mas n\u00e3o ningu\u00e9m olha para nossa regi\u00e3o. A minha casa fica alagada com a \u00e1gua suja das po\u00e7as que formam nos buracos da via\u201d, lamenta.<\/p>\n\n\n\n<p>At\u00e9 o fechamento da edi\u00e7\u00e3o a prefeitura n\u00e3o pronunciou.<\/p>\n\n\n\n<p>Por Larissa Martins\/Foto: TVC<\/p>\n","protected":false},"excerpt":{"rendered":"<p>A Rua Carolina Justen, na Vila Militar, tem sido alvo de abandono por parte do<\/p>\n","protected":false},"author":2,"featured_media":58992,"comment_status":"open","ping_status":"open","sticky":false,"template":"","format":"standard","meta":{"footnotes":""},"categories":[12],"tags":[],"class_list":["post-58991","post","type-post","status-publish","format-standard","has-post-thumbnail","hentry","category-cidade"],"_links":{"self":[{"href":"https:\/\/tvc16.com\/portal\/wp-json\/wp\/v2\/posts\/58991","targetHints":{"allow":["GET"]}}],"collection":[{"href":"https:\/\/tvc16.com\/portal\/wp-json\/wp\/v2\/posts"}],"about":[{"href":"https:\/\/tvc16.com\/portal\/wp-json\/wp\/v2\/types\/post"}],"author":[{"embeddable":true,"href":"https:\/\/tvc16.com\/portal\/wp-json\/wp\/v2\/users\/2"}],"replies":[{"embeddable":true,"href":"https:\/\/tvc16.com\/portal\/wp-json\/wp\/v2\/comments?post=58991"}],"version-history":[{"count":1,"href":"https:\/\/tvc16.com\/portal\/wp-json\/wp\/v2\/posts\/58991\/revisions"}],"predecessor-version":[{"id":58994,"href":"https:\/\/tvc16.com\/portal\/wp-json\/wp\/v2\/posts\/58991\/revisions\/58994"}],"wp:featuredmedia":[{"embeddable":true,"href":"https:\/\/tvc16.com\/portal\/wp-json\/wp\/v2\/media\/58992"}],"wp:attachment":[{"href":"https:\/\/tvc16.com\/portal\/wp-json\/wp\/v2\/media?parent=58991"}],"wp:term":[{"taxonomy":"category","embeddable":true,"href":"https:\/\/tvc16.com\/portal\/wp-json\/wp\/v2\/categories?post=58991"},{"taxonomy":"post_tag","embeddable":true,"href":"https:\/\/tvc16.com\/portal\/wp-json\/wp\/v2\/tags?post=58991"}],"curies":[{"name":"wp","href":"https:\/\/api.w.org\/{rel}","templated":true}]}}