{"id":59009,"date":"2023-05-09T06:38:41","date_gmt":"2023-05-09T09:38:41","guid":{"rendered":"https:\/\/tvc16.com\/portal\/?p=59009"},"modified":"2023-05-09T06:40:11","modified_gmt":"2023-05-09T09:40:11","slug":"petro-ita-e-cascatinha-montam-operacao-emergencial-em-petropolis","status":"publish","type":"post","link":"https:\/\/tvc16.com\/portal\/2023\/05\/09\/petro-ita-e-cascatinha-montam-operacao-emergencial-em-petropolis\/","title":{"rendered":"Petro Ita e Cascatinha montam opera\u00e7\u00e3o emergencial em Petr\u00f3polis"},"content":{"rendered":"\n<p><em>Operadoras unem todos os esfor\u00e7os para garantir o servi\u00e7o no munic\u00edpio<\/em><\/p>\n\n\n\n<p>As empresas de \u00f4nibus Petro Ita e Cascatinha v\u00e3o operar em car\u00e1ter absolutamente emergencial, para garantir o servi\u00e7o de transporte em Petr\u00f3polis, ap\u00f3s um inc\u00eandio que atingiu a garagem das empresas, durante a madrugada desta ter\u00e7a-feira (9), na Rua Coronel Veiga. Ao todo, 50 linhas de \u00f4nibus v\u00e3o operar com hor\u00e1rios emergenciais, de forma circular.<\/p>\n\n\n\n<p>As empresas pedem aten\u00e7\u00e3o especial da popula\u00e7\u00e3o, para evitar o estacionamento irregular, para que os \u00f4nibus operem com mais fluidez, diante de tamanha emerg\u00eancia. Para casos de d\u00favidas, basta o passageiro acessar o site da Petro Ita e Cascatinha e falar com os operadores, atrav\u00e9s do FaleCom. Os clientes ainda podem ligar para o telefone (24) 2104-7172 ou acessar os aplicativos \u201cPetro Ita\u201d ou \u201cCascatinha\u201d.<\/p>\n\n\n\n<p>Vale destacar que, n\u00e3o houve feridos, mas, diante da propor\u00e7\u00e3o e da gravidade dos fatos, ainda n\u00e3o foi poss\u00edvel apurar todos os preju\u00edzos e danos. As empresas esperam a apura\u00e7\u00e3o rigorosa das causas, porque h\u00e1 ind\u00edcios de que o inc\u00eandio tenha sido provocado.<\/p>\n\n\n\n<p>Saiba quais linhas da Cascatinha v\u00e3o operar hoje:<\/p>\n\n\n\n<p>502 \u2013 Comunidade S\u00e3o Luiz<br>507 \u2013 Jo\u00e3o de Deus<br>508 \u2013 Max Manoel Molter<br>510 \u2013 Vale dos Esquilos<br>511 \u2013 Boa Vista<br>512 \u2013 Quarteir\u00e3o Brasileiro<br>515 \u2013 Jardim Salvador<br>516 \u2013 Roseiral<br>518 \u2013 At\u00edlio Marotti<br>520 \u2013 Fragoso<br>521 \u2013 Monte Florido<br>522 \u2013 Luiz Pelegrini<br>523 \u2013 Alto Boa Vista<br>525 \u2013 Comunidade do Neylor<br>528 \u2013 Alto Comunidade do Alem\u00e3o<br>517\/524 \u2013 Comunidade do Ventura<br>524\/527 \u2013 Montese<\/p>\n\n\n\n<p>Saiba quais linhas da Petro Ita v\u00e3o operar hoje:<\/p>\n\n\n\n<p>205 \u2013 Valpara\u00edso (Thomas Cameron)<br>206 &#8211; Valpara\u00edso (Via Joaquim Gomensoro)<br>211 \u2013 Valpara\u00edso (Rua Gon\u00e7alves Dias)<br>401 \u2013 Alto Independ\u00eancia<br>404 \u2013 Duques<br>406 \u2013 Doutor Thouzet<br>407 \u2013 Sim\u00e9ria (Via Castel\u00e2nea)<br>408 \u2013 Vital Brasil (Via Coronel Veiga)<br>411 \u2013 Vital Brasil (Alto da Serra)<br>413 \u2013 Lopes Trov\u00e3o<br>419 \u2013 Sargento Boening<br>420 \u2013 Meio da Serra<br>424 \u2013 Vila H\u00edpica<br>427 \u2013 Vinte e Quatro de Maio<br>428 \u2013 Vila H\u00edpica (Esp\u00edrito Santo)<br>429 \u2013 Lagoinha<br>435 \u2013 Alto Independ\u00eancia<br>436 \u2013 Alto Independ\u00eancia<br>438 \u2013 Sim\u00e9ria<br>448 \u2013 Olga Castrioto<br>449 \u2013 Capit\u00e3o Paladini<br>452 \u2013 Sargento Boening<br>453 \u2013 Meio da Serra<br>454 \u2013 Vila H\u00edpica<br>457 \u2013 Sargento Boening<br>462 \u2013 Alto Pedro Ivo<br>463 \u2013 Alto Independ\u00eancia<br>464 \u2013 Roncoroni<br>465 \u2013 Amazonas<br>467 \u2013 Honduras<br>468 \u2013 Oswero Villa\u00e7a<br>469 \u2013 Vila H\u00edpica<br>470 \u2013 Santa Isabel<\/p>\n","protected":false},"excerpt":{"rendered":"<p>Operadoras unem todos os esfor\u00e7os para garantir o servi\u00e7o no munic\u00edpio As empresas de \u00f4nibus<\/p>\n","protected":false},"author":2,"featured_media":59010,"comment_status":"open","ping_status":"open","sticky":false,"template":"","format":"standard","meta":{"footnotes":""},"categories":[12],"tags":[],"class_list":["post-59009","post","type-post","status-publish","format-standard","has-post-thumbnail","hentry","category-cidade"],"_links":{"self":[{"href":"https:\/\/tvc16.com\/portal\/wp-json\/wp\/v2\/posts\/59009","targetHints":{"allow":["GET"]}}],"collection":[{"href":"https:\/\/tvc16.com\/portal\/wp-json\/wp\/v2\/posts"}],"about":[{"href":"https:\/\/tvc16.com\/portal\/wp-json\/wp\/v2\/types\/post"}],"author":[{"embeddable":true,"href":"https:\/\/tvc16.com\/portal\/wp-json\/wp\/v2\/users\/2"}],"replies":[{"embeddable":true,"href":"https:\/\/tvc16.com\/portal\/wp-json\/wp\/v2\/comments?post=59009"}],"version-history":[{"count":2,"href":"https:\/\/tvc16.com\/portal\/wp-json\/wp\/v2\/posts\/59009\/revisions"}],"predecessor-version":[{"id":59012,"href":"https:\/\/tvc16.com\/portal\/wp-json\/wp\/v2\/posts\/59009\/revisions\/59012"}],"wp:featuredmedia":[{"embeddable":true,"href":"https:\/\/tvc16.com\/portal\/wp-json\/wp\/v2\/media\/59010"}],"wp:attachment":[{"href":"https:\/\/tvc16.com\/portal\/wp-json\/wp\/v2\/media?parent=59009"}],"wp:term":[{"taxonomy":"category","embeddable":true,"href":"https:\/\/tvc16.com\/portal\/wp-json\/wp\/v2\/categories?post=59009"},{"taxonomy":"post_tag","embeddable":true,"href":"https:\/\/tvc16.com\/portal\/wp-json\/wp\/v2\/tags?post=59009"}],"curies":[{"name":"wp","href":"https:\/\/api.w.org\/{rel}","templated":true}]}}