{"id":59013,"date":"2023-05-09T10:24:19","date_gmt":"2023-05-09T13:24:19","guid":{"rendered":"https:\/\/tvc16.com\/portal\/?p=59013"},"modified":"2023-05-09T10:24:50","modified_gmt":"2023-05-09T13:24:50","slug":"funcionario-da-petroita-se-feriu-ao-tentar-fugir-de-incendio","status":"publish","type":"post","link":"https:\/\/tvc16.com\/portal\/2023\/05\/09\/funcionario-da-petroita-se-feriu-ao-tentar-fugir-de-incendio\/","title":{"rendered":"Funcion\u00e1rio da Petro Ita se feriu ao tentar fugir de inc\u00eandio"},"content":{"rendered":"\n<p>Um funcion\u00e1rio da Petro Ita se feriu ap\u00f3s tentar escapar do inc\u00eandio na madrugada desta ter\u00e7a-feira (9). Segundo informa\u00e7\u00f5es preliminares, o homem teria pulado um muro para fugir das chamas e est\u00e1 sob atendimento m\u00e9dico. Mais cedo, a Prefeitura havia informado que o incidente n\u00e3o teria deixado feridos, mas familiares da v\u00edtima se manifestaram nas redes sociais relatando o ocorrido.<\/p>\n\n\n\n<p>Em rela\u00e7\u00e3o a opera\u00e7\u00e3o dos \u00f4nibus, o Setranspetro informou que s\u00e3o 50 linhas operando de forma emergencial. Nesta manh\u00e3, \u00f4nibus da empresa Master, que atua na capital e Regi\u00e3o Metropolitana, chegaram \u00e0 cidade para refor\u00e7ar a frota. No entanto, segundo moradores, h\u00e1 ve\u00edculos quebrados, o que n\u00e3o foi confirmado pelo sindicato das empresas \u00f4nibus de Petr\u00f3polis.<\/p>\n","protected":false},"excerpt":{"rendered":"<p>Um funcion\u00e1rio da Petro Ita se feriu ap\u00f3s tentar escapar do inc\u00eandio na madrugada desta<\/p>\n","protected":false},"author":2,"featured_media":59014,"comment_status":"open","ping_status":"open","sticky":true,"template":"","format":"standard","meta":{"footnotes":""},"categories":[12],"tags":[],"class_list":["post-59013","post","type-post","status-publish","format-standard","has-post-thumbnail","hentry","category-cidade"],"_links":{"self":[{"href":"https:\/\/tvc16.com\/portal\/wp-json\/wp\/v2\/posts\/59013","targetHints":{"allow":["GET"]}}],"collection":[{"href":"https:\/\/tvc16.com\/portal\/wp-json\/wp\/v2\/posts"}],"about":[{"href":"https:\/\/tvc16.com\/portal\/wp-json\/wp\/v2\/types\/post"}],"author":[{"embeddable":true,"href":"https:\/\/tvc16.com\/portal\/wp-json\/wp\/v2\/users\/2"}],"replies":[{"embeddable":true,"href":"https:\/\/tvc16.com\/portal\/wp-json\/wp\/v2\/comments?post=59013"}],"version-history":[{"count":2,"href":"https:\/\/tvc16.com\/portal\/wp-json\/wp\/v2\/posts\/59013\/revisions"}],"predecessor-version":[{"id":59016,"href":"https:\/\/tvc16.com\/portal\/wp-json\/wp\/v2\/posts\/59013\/revisions\/59016"}],"wp:featuredmedia":[{"embeddable":true,"href":"https:\/\/tvc16.com\/portal\/wp-json\/wp\/v2\/media\/59014"}],"wp:attachment":[{"href":"https:\/\/tvc16.com\/portal\/wp-json\/wp\/v2\/media?parent=59013"}],"wp:term":[{"taxonomy":"category","embeddable":true,"href":"https:\/\/tvc16.com\/portal\/wp-json\/wp\/v2\/categories?post=59013"},{"taxonomy":"post_tag","embeddable":true,"href":"https:\/\/tvc16.com\/portal\/wp-json\/wp\/v2\/tags?post=59013"}],"curies":[{"name":"wp","href":"https:\/\/api.w.org\/{rel}","templated":true}]}}