{"id":5904,"date":"2020-11-17T14:51:46","date_gmt":"2020-11-17T17:51:46","guid":{"rendered":"https:\/\/tvc16.com\/portal\/?p=5904"},"modified":"2020-11-17T14:51:50","modified_gmt":"2020-11-17T17:51:50","slug":"homem-e-preso-em-flagrante-apos-vandalizar-onibus-no-fragoso","status":"publish","type":"post","link":"https:\/\/tvc16.com\/portal\/2020\/11\/17\/homem-e-preso-em-flagrante-apos-vandalizar-onibus-no-fragoso\/","title":{"rendered":"Homem \u00e9 preso em flagrante ap\u00f3s vandalizar \u00f4nibus no Fragoso"},"content":{"rendered":"\n<p>As empresas de \u00f4nibus continuam sofrendo com depreda\u00e7\u00f5es e atos de vandalismo nos coletivos em Petr\u00f3polis. Na tarde de ontem (16), um homem foi preso em flagrante por dano ao patrim\u00f4nio p\u00fablico, ao acertar uma pedra no para-brisa da linha 520 \u2013 Fragoso, da empresa Cascatinha. A a\u00e7\u00e3o criminosa, no ve\u00edculo zero quil\u00f4metro, rec\u00e9m-adquirido de f\u00e1brica, aconteceu por volta das 14h30, a poucos metros do ponto final no bairro. Ningu\u00e9m ficou ferido.<\/p>\n\n\n\n<p>Segundo os rodovi\u00e1rios que atuam na localidade, o homem j\u00e1 vinha realizando uma s\u00e9rie de atos violentos durante a opera\u00e7\u00e3o do \u00f4nibus. \u201cEle brigava com os motoristas, chutava a lateral do \u00f4nibus, arrebentava a corda da campainha e at\u00e9 urinava no coletivo. Dessa vez, esperou o \u00f4nibus parar no ponto para jogar a pedra\u201d, contou um inspetor da Cascatinha.<\/p>\n\n\n\n<p>A pol\u00edcia foi acionada e o caso registrado na 105\u00aa DP, no Retiro. Quatro pessoas testemunharam o fato na delegacia. A opera\u00e7\u00e3o na regi\u00e3o foi restabelecida por volta das 16h30. Ao todo, duas viagens foram perdidas.<\/p>\n\n\n\n<p>Durante todo este ano, as empresas de \u00f4nibus registram centenas de casos de vandalismo na frota. Entre os problemas mais comuns encontrados nos ve\u00edculos est\u00e3o os bancos rasgados, picha\u00e7\u00f5es, quebras de vidro e excesso de lixo.<\/p>\n\n\n\n<p>O Setranspetro esclarece que a conscientiza\u00e7\u00e3o dos passageiros \u00e9 fundamental para a qualidade dos servi\u00e7os prestados pelas empresas e para evitar custos excessivos para o sistema, elevando o pre\u00e7o da tarifa, principalmente em per\u00edodo de pandemia. O sindicato ainda lembra que a depreda\u00e7\u00e3o dos \u00f4nibus \u00e9 crime previsto no artigo 163 do c\u00f3digo penal.<\/p>\n\n\n\n<p>\u201cLamentamos o ocorrido, mas que esse caso sirva de exemplo para todos. Se o suspeito for identificado, poder\u00e1 ser preso e arcar com as despesas para a manuten\u00e7\u00e3o do \u00f4nibus. E se for menor de idade, os respons\u00e1veis \u00e9 que devem responder e custear os reparos. Al\u00e9m do preju\u00edzo financeiro, que \u00e9 absorvido pelas empresas, certamente os mais prejudicados s\u00e3o os clientes, que precisam ficar mais tempo aguardando o \u00f4nibus passar por reparos\u201d, disse Carla Rivetti, gerente do Sindicato.<\/p>\n\n\n\n<p>O Setranspetro destaca ainda que as empresas v\u00e3o ampliar a observa\u00e7\u00e3o das c\u00e2meras de circuito interno para tentar identificar poss\u00edveis pessoas que est\u00e3o praticando qualquer tipo de a\u00e7\u00e3o de vandalismo. Os passageiros tamb\u00e9m podem contribuir, informando ao Disque Den\u00fancia da Pol\u00edcia Militar, pelo n\u00famero (24) 2242-8005 ou pelo WhatsApp (24) 99324-5499.<\/p>\n","protected":false},"excerpt":{"rendered":"<p>As empresas de \u00f4nibus continuam sofrendo com depreda\u00e7\u00f5es e atos de vandalismo nos coletivos em<\/p>\n","protected":false},"author":2,"featured_media":5905,"comment_status":"open","ping_status":"open","sticky":false,"template":"","format":"standard","meta":{"footnotes":""},"categories":[12],"tags":[],"class_list":["post-5904","post","type-post","status-publish","format-standard","has-post-thumbnail","hentry","category-cidade"],"_links":{"self":[{"href":"https:\/\/tvc16.com\/portal\/wp-json\/wp\/v2\/posts\/5904","targetHints":{"allow":["GET"]}}],"collection":[{"href":"https:\/\/tvc16.com\/portal\/wp-json\/wp\/v2\/posts"}],"about":[{"href":"https:\/\/tvc16.com\/portal\/wp-json\/wp\/v2\/types\/post"}],"author":[{"embeddable":true,"href":"https:\/\/tvc16.com\/portal\/wp-json\/wp\/v2\/users\/2"}],"replies":[{"embeddable":true,"href":"https:\/\/tvc16.com\/portal\/wp-json\/wp\/v2\/comments?post=5904"}],"version-history":[{"count":1,"href":"https:\/\/tvc16.com\/portal\/wp-json\/wp\/v2\/posts\/5904\/revisions"}],"predecessor-version":[{"id":5906,"href":"https:\/\/tvc16.com\/portal\/wp-json\/wp\/v2\/posts\/5904\/revisions\/5906"}],"wp:featuredmedia":[{"embeddable":true,"href":"https:\/\/tvc16.com\/portal\/wp-json\/wp\/v2\/media\/5905"}],"wp:attachment":[{"href":"https:\/\/tvc16.com\/portal\/wp-json\/wp\/v2\/media?parent=5904"}],"wp:term":[{"taxonomy":"category","embeddable":true,"href":"https:\/\/tvc16.com\/portal\/wp-json\/wp\/v2\/categories?post=5904"},{"taxonomy":"post_tag","embeddable":true,"href":"https:\/\/tvc16.com\/portal\/wp-json\/wp\/v2\/tags?post=5904"}],"curies":[{"name":"wp","href":"https:\/\/api.w.org\/{rel}","templated":true}]}}