{"id":591,"date":"2020-09-16T17:40:27","date_gmt":"2020-09-16T17:40:27","guid":{"rendered":"https:\/\/tvc16.com\/portal\/?p=591"},"modified":"2020-09-16T17:40:27","modified_gmt":"2020-09-16T17:40:27","slug":"governo-busca-ampliar-acesso-de-brasileiros-a-transformacao-digital-afirma-julio-semeghini","status":"publish","type":"post","link":"https:\/\/tvc16.com\/portal\/2020\/09\/16\/governo-busca-ampliar-acesso-de-brasileiros-a-transformacao-digital-afirma-julio-semeghini\/","title":{"rendered":"Governo busca ampliar acesso de brasileiros \u00e0 transforma\u00e7\u00e3o digital, afirma Julio Semeghini"},"content":{"rendered":"\n<p>Apandemia da Covid-19 acelerou a transforma\u00e7\u00e3o digital e o governo federal est\u00e1 comprometido em fazer com que ela chegue ao maior n\u00famero de brasileiros. A afirma\u00e7\u00e3o foi feita pelo ministro interino de Ci\u00eancia Tecnologia e Inova\u00e7\u00f5es, Julio Semeghini, nesta&nbsp;ter\u00e7a-feira (15), ao participar do debate \u201cUm Mundo Transformado com a Pandemia\u201d, durante o Painel Telebrasil 2020.<\/p>\n\n\n\n<p>\u201cA pandemia ocorre em um momento em que o Brasil estava se preparando para esse novo mundo de transforma\u00e7\u00e3o digital. Estamos avan\u00e7ando&nbsp;&nbsp;muito em infraestrutura de banda larga, mas precisamos tamb\u00e9m ampliar a conectividade da popula\u00e7\u00e3o e o acesso aos servi\u00e7os digitais\u201d, apontou Semeghini.<\/p>\n\n\n\n<p>Nesse novo cen\u00e1rio, o ministro interino destacou uma s\u00e9rie de iniciativas adotadas pelo MCTI , como o Marco Regulat\u00f3rio de Telecomunica\u00e7\u00f5es, os programas Norte e Nordeste Conectado, a valoriza\u00e7\u00e3o de startups e Estrat\u00e9gia Brasileira para Transforma\u00e7\u00e3o Digital, que abrange a\u00e7\u00f5es nas \u00e1reas de sa\u00fade, educa\u00e7\u00e3o, agroneg\u00f3cio, turismo e ind\u00fastria, al\u00e9m de outras iniciativas em empreendedorismo, tecnologias assistivas, intelig\u00eancia artificial e pesquisa cient\u00edfica. \u201cPrecisamos trabalhar em projetos que tragam investimentos, modernizem o ambiente de neg\u00f3cios e ofere\u00e7am solu\u00e7\u00f5es para incluir mais pessoas na economia digital e desenvolva todas as regi\u00f5es do pa\u00eds\u201d.<\/p>\n\n\n\n<p>Julio Semeghini lembrou a import\u00e2ncia da&nbsp;&nbsp;integra\u00e7\u00e3o do setor de telecomunica\u00e7\u00f5es no in\u00edcio da pandemia, por meio da cria\u00e7\u00e3o da Rede Conectada MCTI, um comit\u00ea crise para supervis\u00e3o e monitoramento dos impactos da Covid-19. Segundo ele, al\u00e9m de representantes do governo, o comit\u00ea contou com a participa\u00e7\u00e3o do setor empresarial. \u201cA integra\u00e7\u00e3o foi muito bem feita com todo o setor de telecomunica\u00e7\u00f5es, desde os pequenos provedores at\u00e9 as grandes operadoras. A gente aprendeu que temos de trabalhar juntos porque temos muitos desafios e oportunidades.\u201d<\/p>\n\n\n\n<p>Um marco importante na transforma\u00e7\u00e3o digital do pa\u00eds ser\u00e1 a entrada em opera\u00e7\u00e3o da tecnologia 5G, cujo leil\u00e3o do espectro dever\u00e1 ocorrer em 2021. Semeghini refor\u00e7ou que o minist\u00e9rio adotou diversas medidas para prepara a infraestrutura para ado\u00e7\u00e3o da nova tecnologia. Ele citou a reestrutura\u00e7\u00e3o da PGMU para levar o 4G a cidades menores, a Lei de Antenas e a Lei de Internet das Coisas. \u201cEst\u00e1 sendo feito um grande alicerce para que o 5G venha para valer.\u201d<\/p>\n\n\n\n<p>O debate no segundo dia do Painel Telebrasil 2020 contou com a participa\u00e7\u00e3o de representantes do governo e tamb\u00e9m da iniciativa privada: presidente da Claro Brasil, Jos\u00e9 F\u00e9lix; CEO da Stone, Augusto Lins ; CEO da Movile, Patrick Hruby;\u00a0\u00a0Cl\u00e1udia Costin, da FGV CEIPE; presidente da Feninfra, Vivien Suruagy; e diretor de Solu\u00e7\u00f5es da Huawei do Brasil, Carlos Roseiro. A media\u00e7\u00e3o foi feita por Martha Beck, da Bloomberg.<\/p>\n\n\n\n<p>ASCOM\/MCTI<\/p>\n","protected":false},"excerpt":{"rendered":"<p>Apandemia da Covid-19 acelerou a transforma\u00e7\u00e3o digital e o governo federal est\u00e1 comprometido em fazer<\/p>\n","protected":false},"author":2,"featured_media":592,"comment_status":"open","ping_status":"open","sticky":false,"template":"","format":"standard","meta":{"footnotes":""},"categories":[16],"tags":[],"class_list":["post-591","post","type-post","status-publish","format-standard","has-post-thumbnail","hentry","category-colunistas"],"_links":{"self":[{"href":"https:\/\/tvc16.com\/portal\/wp-json\/wp\/v2\/posts\/591","targetHints":{"allow":["GET"]}}],"collection":[{"href":"https:\/\/tvc16.com\/portal\/wp-json\/wp\/v2\/posts"}],"about":[{"href":"https:\/\/tvc16.com\/portal\/wp-json\/wp\/v2\/types\/post"}],"author":[{"embeddable":true,"href":"https:\/\/tvc16.com\/portal\/wp-json\/wp\/v2\/users\/2"}],"replies":[{"embeddable":true,"href":"https:\/\/tvc16.com\/portal\/wp-json\/wp\/v2\/comments?post=591"}],"version-history":[{"count":1,"href":"https:\/\/tvc16.com\/portal\/wp-json\/wp\/v2\/posts\/591\/revisions"}],"predecessor-version":[{"id":593,"href":"https:\/\/tvc16.com\/portal\/wp-json\/wp\/v2\/posts\/591\/revisions\/593"}],"wp:featuredmedia":[{"embeddable":true,"href":"https:\/\/tvc16.com\/portal\/wp-json\/wp\/v2\/media\/592"}],"wp:attachment":[{"href":"https:\/\/tvc16.com\/portal\/wp-json\/wp\/v2\/media?parent=591"}],"wp:term":[{"taxonomy":"category","embeddable":true,"href":"https:\/\/tvc16.com\/portal\/wp-json\/wp\/v2\/categories?post=591"},{"taxonomy":"post_tag","embeddable":true,"href":"https:\/\/tvc16.com\/portal\/wp-json\/wp\/v2\/tags?post=591"}],"curies":[{"name":"wp","href":"https:\/\/api.w.org\/{rel}","templated":true}]}}