{"id":5910,"date":"2020-11-17T22:10:47","date_gmt":"2020-11-18T01:10:47","guid":{"rendered":"https:\/\/tvc16.com\/portal\/?p=5910"},"modified":"2020-11-17T22:10:49","modified_gmt":"2020-11-18T01:10:49","slug":"mundial-de-clubes-da-fifa-sera-em-fevereiro-de-2021-no-catar","status":"publish","type":"post","link":"https:\/\/tvc16.com\/portal\/2020\/11\/17\/mundial-de-clubes-da-fifa-sera-em-fevereiro-de-2021-no-catar\/","title":{"rendered":"Mundial de Clubes da Fifa ser\u00e1 em fevereiro de 2021 no Catar"},"content":{"rendered":"\n<h2 class=\"wp-block-heading\">Torneio ocorreria em dezembro, mas pandemia alterou programa\u00e7\u00e3o<\/h2>\n\n\n\n<h4 class=\"wp-block-heading\">Por Simon Evans &#8211; Manchester (Inglaterra)<\/h4>\n\n\n\n<p>O&nbsp;Mundial&nbsp;de&nbsp;Clubes&nbsp;da Fifa, originalmente programado para&nbsp;dezembro, agora ser\u00e1 realizado&nbsp;de&nbsp;1\u00ba a 11&nbsp;de&nbsp;fevereiro em Doha (Catar),&nbsp;&nbsp;informaram os organizadores da competi\u00e7\u00e3o nesta ter\u00e7a-feira (17). O torneio reunir\u00e1 os seis campe\u00f5es continentais, com o vencedor da Liga dos Campe\u00f5es da Europa, o Bayern&nbsp;de&nbsp;Munique, o primeiro a se classificar.<img decoding=\"async\" src=\"https:\/\/agenciabrasil.ebc.com.br\/ebc.png?id=1393764&amp;o=node\"><img decoding=\"async\" src=\"https:\/\/agenciabrasil.ebc.com.br\/ebc.gif?id=1393764&amp;o=node\"><\/p>\n\n\n\n<p>O&nbsp;Mundial&nbsp;de&nbsp;Clubes&nbsp;da temporada passada terminou com o Liverpool&nbsp;derrotando o Flamengo na final. A Fifa n\u00e3o informou se os torcedores poder\u00e3o assistir a qualquer um dos jogos presencialmente, observando apenas que &#8220;em linha com o Protocolo&nbsp;de&nbsp;Jogos Internacionais da Fifa, a Fifa e o pa\u00eds anfitri\u00e3o fornecer\u00e3o as salvaguardas necess\u00e1rias para a sa\u00fade&nbsp;e seguran\u00e7a&nbsp;de&nbsp;todos os envolvidos.&#8221;<\/p>\n\n\n\n<p>Um novo&nbsp;Mundial&nbsp;de&nbsp;Clubes ampliado com 24 equipes&nbsp;deveria ocorrer&nbsp;em junho\/julho&nbsp;de&nbsp;2021 na China, mas adiamentos relacionados \u00e0 pandemia do novo coronav\u00edrus (covid-19) provocaram a mudan\u00e7a desse plano. Isto porque, em decorr\u00eancia do surto, competi\u00e7\u00f5es como a&nbsp;Euro 2020 e a Copa Am\u00e9rica ser\u00e3o realizadas com um ano&nbsp;de&nbsp;atraso.<\/p>\n","protected":false},"excerpt":{"rendered":"<p>Torneio ocorreria em dezembro, mas pandemia alterou programa\u00e7\u00e3o Por Simon Evans &#8211; Manchester (Inglaterra) O&nbsp;Mundial&nbsp;de&nbsp;Clubes&nbsp;da<\/p>\n","protected":false},"author":2,"featured_media":5911,"comment_status":"open","ping_status":"open","sticky":false,"template":"","format":"standard","meta":{"footnotes":""},"categories":[20],"tags":[],"class_list":["post-5910","post","type-post","status-publish","format-standard","has-post-thumbnail","hentry","category-esporte"],"_links":{"self":[{"href":"https:\/\/tvc16.com\/portal\/wp-json\/wp\/v2\/posts\/5910","targetHints":{"allow":["GET"]}}],"collection":[{"href":"https:\/\/tvc16.com\/portal\/wp-json\/wp\/v2\/posts"}],"about":[{"href":"https:\/\/tvc16.com\/portal\/wp-json\/wp\/v2\/types\/post"}],"author":[{"embeddable":true,"href":"https:\/\/tvc16.com\/portal\/wp-json\/wp\/v2\/users\/2"}],"replies":[{"embeddable":true,"href":"https:\/\/tvc16.com\/portal\/wp-json\/wp\/v2\/comments?post=5910"}],"version-history":[{"count":1,"href":"https:\/\/tvc16.com\/portal\/wp-json\/wp\/v2\/posts\/5910\/revisions"}],"predecessor-version":[{"id":5912,"href":"https:\/\/tvc16.com\/portal\/wp-json\/wp\/v2\/posts\/5910\/revisions\/5912"}],"wp:featuredmedia":[{"embeddable":true,"href":"https:\/\/tvc16.com\/portal\/wp-json\/wp\/v2\/media\/5911"}],"wp:attachment":[{"href":"https:\/\/tvc16.com\/portal\/wp-json\/wp\/v2\/media?parent=5910"}],"wp:term":[{"taxonomy":"category","embeddable":true,"href":"https:\/\/tvc16.com\/portal\/wp-json\/wp\/v2\/categories?post=5910"},{"taxonomy":"post_tag","embeddable":true,"href":"https:\/\/tvc16.com\/portal\/wp-json\/wp\/v2\/tags?post=5910"}],"curies":[{"name":"wp","href":"https:\/\/api.w.org\/{rel}","templated":true}]}}