{"id":5913,"date":"2020-11-17T22:13:20","date_gmt":"2020-11-18T01:13:20","guid":{"rendered":"https:\/\/tvc16.com\/portal\/?p=5913"},"modified":"2020-11-17T22:13:24","modified_gmt":"2020-11-18T01:13:24","slug":"covid-19-ministerio-da-saude-se-reune-com-equipe-da-pfizer","status":"publish","type":"post","link":"https:\/\/tvc16.com\/portal\/2020\/11\/17\/covid-19-ministerio-da-saude-se-reune-com-equipe-da-pfizer\/","title":{"rendered":"Covid-19: Minist\u00e9rio da Sa\u00fade se re\u00fane com equipe da Pfizer"},"content":{"rendered":"\n<h3 class=\"wp-block-heading\">Pasta tamb\u00e9m vai se reunir com outros laborat\u00f3rios<\/h3>\n\n\n\n<h4 class=\"wp-block-heading\">Por Jonas Valente \u2013 Rep\u00f3rter Ag\u00eancia Brasil &#8211; Bras\u00edlia<\/h4>\n\n\n\n<p>O Minist\u00e9rio da Sa\u00fade se reuniu hoje (17) com uma equipe da Pfizer, laborat\u00f3rio que desenvolve uma das vacinas contra a covid-19. A empresa anunciou recentemente resultados de testes que apontaram alta taxa de efic\u00e1cia no tratamento da doen\u00e7a causada pelo novo coronav\u00edrus.<img decoding=\"async\" src=\"https:\/\/agenciabrasil.ebc.com.br\/ebc.png?id=1393807&amp;o=node\"><img decoding=\"async\" src=\"https:\/\/agenciabrasil.ebc.com.br\/ebc.gif?id=1393807&amp;o=node\"><\/p>\n\n\n\n<p>A assessoria do Minist\u00e9rio da Sa\u00fade informou \u00e0&nbsp;<strong>Ag\u00eancia Brasil<\/strong>&nbsp;que a reuni\u00e3o foi \u201ct\u00e9cnica\u201d, para que os representantes do laborat\u00f3rio apresentassem o andamento da pesquisa e para que fossem avaliadas as condi\u00e7\u00f5es de compra, log\u00edstica e armazenamento.<\/p>\n\n\n\n<p>A pasta n\u00e3o deu mais detalhes sobre o que foi tratado no encontro.<\/p>\n\n\n\n<p>Ainda nesta semana o Minist\u00e9rio da Sa\u00fade informou que vai se reunir com representantes de outras empresas que est\u00e3o desenvolvendo vacinas para a covid-19. Est\u00e3o na agenda encontros com equipes da Janssen ( da Johnson &amp; Johnson), do Instituto Gameleya (Sputinik V) e da Bharati Biotech (Vocaxin).<\/p>\n\n\n\n<h2 class=\"wp-block-heading\">Pfizer<\/h2>\n\n\n\n<p>No dia 9 de novembro, a Pfizer e a empresa alem\u00e3 Biontech, parceira no estudo, anunciaram que a vacina em desenvolvimento teria uma&nbsp;<a href=\"https:\/\/agenciabrasil.ebc.com.br\/internacional\/noticia\/2020-11\/pfizer-e-biontech-dizem-que-sua-vacina-contra-covid-19-e-90-eficaz\" target=\"_blank\" rel=\"noreferrer noopener\">efic\u00e1cia de 90%<\/a>.<\/p>\n\n\n\n<p>No dia 12 de novembro, a farmac\u00eautica afirmou que pretende obter o registro no \u00f3rg\u00e3o dos Estados Unidos respons\u00e1vel pela an\u00e1lise de medicamentos (FDA), que espera ter 50 milh\u00f5es de doses neste ano e fabricar at\u00e9&nbsp;<a href=\"https:\/\/agenciabrasil.ebc.com.br\/saude\/noticia\/2020-11\/pfizer-planeja-ter-mais-de-13-bilhao-de-doses-da-vacina-contra-covid\" target=\"_blank\" rel=\"noreferrer noopener\">1,3 bilh\u00e3o no ano que vem<\/a>.<\/p>\n\n\n\n<p>Na ocasi\u00e3o, o presidente da companhia no Brasil, Carlos Maur\u00edlio, declarou que estavam \u201ctrabalhando fortemente\u201d com o governo brasileiro para acelerar a an\u00e1lise da vacina e sua poss\u00edvel comercializa\u00e7\u00e3o.<\/p>\n\n\n\n<p>Edi\u00e7\u00e3o: F\u00e1bio Massalli<\/p>\n","protected":false},"excerpt":{"rendered":"<p>Pasta tamb\u00e9m vai se reunir com outros laborat\u00f3rios Por Jonas Valente \u2013 Rep\u00f3rter Ag\u00eancia Brasil<\/p>\n","protected":false},"author":2,"featured_media":5914,"comment_status":"open","ping_status":"open","sticky":false,"template":"","format":"standard","meta":{"footnotes":""},"categories":[13],"tags":[],"class_list":["post-5913","post","type-post","status-publish","format-standard","has-post-thumbnail","hentry","category-saude"],"_links":{"self":[{"href":"https:\/\/tvc16.com\/portal\/wp-json\/wp\/v2\/posts\/5913","targetHints":{"allow":["GET"]}}],"collection":[{"href":"https:\/\/tvc16.com\/portal\/wp-json\/wp\/v2\/posts"}],"about":[{"href":"https:\/\/tvc16.com\/portal\/wp-json\/wp\/v2\/types\/post"}],"author":[{"embeddable":true,"href":"https:\/\/tvc16.com\/portal\/wp-json\/wp\/v2\/users\/2"}],"replies":[{"embeddable":true,"href":"https:\/\/tvc16.com\/portal\/wp-json\/wp\/v2\/comments?post=5913"}],"version-history":[{"count":1,"href":"https:\/\/tvc16.com\/portal\/wp-json\/wp\/v2\/posts\/5913\/revisions"}],"predecessor-version":[{"id":5915,"href":"https:\/\/tvc16.com\/portal\/wp-json\/wp\/v2\/posts\/5913\/revisions\/5915"}],"wp:featuredmedia":[{"embeddable":true,"href":"https:\/\/tvc16.com\/portal\/wp-json\/wp\/v2\/media\/5914"}],"wp:attachment":[{"href":"https:\/\/tvc16.com\/portal\/wp-json\/wp\/v2\/media?parent=5913"}],"wp:term":[{"taxonomy":"category","embeddable":true,"href":"https:\/\/tvc16.com\/portal\/wp-json\/wp\/v2\/categories?post=5913"},{"taxonomy":"post_tag","embeddable":true,"href":"https:\/\/tvc16.com\/portal\/wp-json\/wp\/v2\/tags?post=5913"}],"curies":[{"name":"wp","href":"https:\/\/api.w.org\/{rel}","templated":true}]}}