{"id":59171,"date":"2023-05-13T09:00:00","date_gmt":"2023-05-13T12:00:00","guid":{"rendered":"https:\/\/tvc16.com\/portal\/?p=59171"},"modified":"2023-05-11T08:01:39","modified_gmt":"2023-05-11T11:01:39","slug":"cineclube-da-casa-stefan-zweig-com-entrada-franca-nesse-sabado-em-petropolis","status":"publish","type":"post","link":"https:\/\/tvc16.com\/portal\/2023\/05\/13\/cineclube-da-casa-stefan-zweig-com-entrada-franca-nesse-sabado-em-petropolis\/","title":{"rendered":"Cineclube da Casa Stefan Zweig com entrada franca neste s\u00e1bado em Petr\u00f3polis"},"content":{"rendered":"\n<p><em>Novo epis\u00f3dio de \u2018Cantos dos exilados\u2019 ter\u00e1 debate com diretor da s\u00e9rie e com representante da Sociedade Petropolitana de Fotografia<\/em><\/p>\n\n\n\n<p>A Casa Stefan Zweig exibe neste s\u00e1bado, dia 13\/5, \u00e0s 15h, com entrada franca, mais um epis\u00f3dio da s\u00e9rie \u201cCanto dos Exilados\u201d sobre os refugiados que vieram para o Brasil de 1933 a 1945 e suas contribui\u00e7\u00f5es para a ci\u00eancia e as artes. O document\u00e1rio sobre os fot\u00f3grafos ter\u00e1 debate via zoom com o autor e diretor da s\u00e9rie, Leonardo Dourado, e Claudio Partes, da Sopef. O evento \u00e9 uma homenagem ao jornalista Alberto Dines (1934-2018), fundador da CSZ e apresentador da s\u00e9rie Canto dos Exilados.<br>O epis\u00f3dio deste s\u00e1bado traz o perfil de Hans-G\u00fcnther Flieg, que tinha 16 anos quando as persegui\u00e7\u00f5es antissemitas dos nazistas levaram sua fam\u00edlia a migrar para S\u00e3o Paulo. Ele se tornou o fot\u00f3grafo da modernidade da metr\u00f3pole, um \u201cpoeta do a\u00e7o e do concreto\u201d. Flieg nasceu em 1923. Veremos tamb\u00e9m a trajet\u00f3ria de Jean Manzon, franc\u00eas que trabalhou em O Cruzeiro, produziu e dirigiu 900 filmes document\u00e1rios, e o austr\u00edaco Kurt Klagsbrunn, que deixou um acervo de milhares de fotografias<br>Outros epis\u00f3dios da s\u00e9rie \u2018Cantos dos Exilados\u2019 ser\u00e3o exibidos ao longo do ano no Cineclube CSZ.<\/p>\n\n\n\n<p>Sobre a S\u00e9rie \u201cCanto dos Exilados\u201d<br>Em tempos de xenofobia crescente, quando imagens de refugiados na Europa tocam nossos cora\u00e7\u00f5es, \u00e9 hora de lembrar a onda de perseguidos do nazismo que, entre 1933 e 1945, encontraram uma nova p\u00e1tria no Brasil e aqui deixaram seus tra\u00e7os em todos os campos do conhecimento, das artes, das ci\u00eancias.<\/p>\n\n\n\n<p>Um maestro judeu h\u00fangaro, Eugen Szenkar, arregimentou em poucas semanas uma centena de m\u00fasicos e fundou em 1940 a Orquestra Sinf\u00f4nica Brasileira. O advogado Herbert Caro, de Berlim, trouxe aos leitores brasileiros a obra de Thomas Mann. O romeno Emeric Marcier pintou na pequena capela de Mau\u00e1, periferia de S\u00e3o Paulo, a &#8220;Sistina brasileira&#8221;. Ousado, o russo Oskar Ornstein trouxe ao Golden Room do Copacabana Palace n\u00e3o apenas estrelas como Marlene Dietrich ou Nat King Cole: conseguiu a proeza de trazer Frank Sinatra para o Maracan\u00e3. Por ironia da Hist\u00f3ria, v\u00e1rios judeus perseguidos viraram embaixadores da l\u00edngua e da cultura alem\u00e3s nas livrarias que se tornaram pontos de encontro.<br>H\u00e1 o caso do rapaz judeu alem\u00e3o de 16 anos que se encantou com as pedras brasileiras, \u00e0s quais ningu\u00e9m dava muito valor. Mas Hans Stern, obcecado pela sua ideia, foi em frente e fundou a principal empresa de design de joias da Am\u00e9rica do Sul. Ou o violoncelista h\u00fangaro que, mal chegado ao Rio de Janeiro, descobriu uma lacuna no mercado: n\u00e3o havia uma \u00fanica loja de partituras. A loja de Arany foi durante d\u00e9cadas um &#8220;point&#8221; dos m\u00fasicos cl\u00e1ssicos e da bossa nova. Temos a saga da alem\u00e3 franzina que, decidida, reformou o Theatro S\u00e3o Pedro em Porto Alegre e dotou a capital ga\u00facha de uma agenda cultural pr\u00f3pria. Dona Eva Sopher foi laureada aos 91 anos na Alemanha com o maior pr\u00eamio da \u00e1rea da Cultura pouco antes de morrer.<br>Al\u00e9m de Marcier, v\u00e1rios dos exilados no Brasil se destacaram nas artes pl\u00e1sticas, como Fayga Ostrower, Agi Strausz, o casal Vieira da Silva e Arpad Szenes. Assim como os fot\u00f3grafos Hans-G\u00fcnther Flieg, Jean Manzon, estes artistas trouxeram um novo olhar e t\u00e9cnicas de vanguarda. Quase todos se tornaram cidad\u00e3os brasileiros. Seguem marcando muitas gera\u00e7\u00f5es com seus feitos. Para contar a hist\u00f3ria e guardar a mem\u00f3ria de 30 destes refugiados, a Telenews, em coprodu\u00e7\u00e3o com o canal Arte 1 e a RioFilme, gravou ao longo de 2015 quase uma centena de depoimentos, entre eles seis refugiados sobreviventes.<\/p>\n\n\n\n<p>Servi\u00e7o:<br>Cineclube CSZ \u2013 mostra \u201cCANTO DOS EXILADOS\u201d epis\u00f3dio \u2018Fot\u00f3grafos\u2019<br>com a presen\u00e7a de Leonardo Dourado<br>13\/5\/2023, s\u00e1bado, 15h<br>Rua Gon\u00e7alves Dias, 34, Valparaiso (pr\u00f3ximo \u00e0s Duas Pontes)<br>Entrada Franca<\/p>\n","protected":false},"excerpt":{"rendered":"<p>Novo epis\u00f3dio de \u2018Cantos dos exilados\u2019 ter\u00e1 debate com diretor da s\u00e9rie e com representante<\/p>\n","protected":false},"author":2,"featured_media":59172,"comment_status":"open","ping_status":"open","sticky":false,"template":"","format":"standard","meta":{"footnotes":""},"categories":[12],"tags":[],"class_list":["post-59171","post","type-post","status-publish","format-standard","has-post-thumbnail","hentry","category-cidade"],"_links":{"self":[{"href":"https:\/\/tvc16.com\/portal\/wp-json\/wp\/v2\/posts\/59171","targetHints":{"allow":["GET"]}}],"collection":[{"href":"https:\/\/tvc16.com\/portal\/wp-json\/wp\/v2\/posts"}],"about":[{"href":"https:\/\/tvc16.com\/portal\/wp-json\/wp\/v2\/types\/post"}],"author":[{"embeddable":true,"href":"https:\/\/tvc16.com\/portal\/wp-json\/wp\/v2\/users\/2"}],"replies":[{"embeddable":true,"href":"https:\/\/tvc16.com\/portal\/wp-json\/wp\/v2\/comments?post=59171"}],"version-history":[{"count":2,"href":"https:\/\/tvc16.com\/portal\/wp-json\/wp\/v2\/posts\/59171\/revisions"}],"predecessor-version":[{"id":59174,"href":"https:\/\/tvc16.com\/portal\/wp-json\/wp\/v2\/posts\/59171\/revisions\/59174"}],"wp:featuredmedia":[{"embeddable":true,"href":"https:\/\/tvc16.com\/portal\/wp-json\/wp\/v2\/media\/59172"}],"wp:attachment":[{"href":"https:\/\/tvc16.com\/portal\/wp-json\/wp\/v2\/media?parent=59171"}],"wp:term":[{"taxonomy":"category","embeddable":true,"href":"https:\/\/tvc16.com\/portal\/wp-json\/wp\/v2\/categories?post=59171"},{"taxonomy":"post_tag","embeddable":true,"href":"https:\/\/tvc16.com\/portal\/wp-json\/wp\/v2\/tags?post=59171"}],"curies":[{"name":"wp","href":"https:\/\/api.w.org\/{rel}","templated":true}]}}