{"id":59285,"date":"2023-05-14T07:00:00","date_gmt":"2023-05-14T10:00:00","guid":{"rendered":"https:\/\/tvc16.com\/portal\/?p=59285"},"modified":"2023-05-12T22:13:37","modified_gmt":"2023-05-13T01:13:37","slug":"em-sessao-na-alerj-deputado-critica-falta-de-politica-habitacional-em-petropolis","status":"publish","type":"post","link":"https:\/\/tvc16.com\/portal\/2023\/05\/14\/em-sessao-na-alerj-deputado-critica-falta-de-politica-habitacional-em-petropolis\/","title":{"rendered":"Em sess\u00e3o na Alerj, deputado critica falta de pol\u00edtica habitacional em Petr\u00f3polis"},"content":{"rendered":"\n<p><em>Richard Stoltzenburg<\/em><\/p>\n\n\n\n<p>Petr\u00f3polis virou pauta na Assembleia Legislativa do Rio de Janeiro, neste m\u00eas. Durante a sess\u00e3o o deputado estadual, S\u00e9rgio Fernandes, criticou a falta de pol\u00edticas p\u00fablicas em prol da cria\u00e7\u00e3o de moradias, que beneficiem aqueles que perderam tudo em trag\u00e9dias j\u00e1 registradas na cidade. Para se ter uma ideia, ainda existem fam\u00edlias, afetadas pelas chuvas do ano de 2011, que dependem do aluguel social.<\/p>\n\n\n\n<p>De acordo com o movimento Aluguel Social e Moradia de Petr\u00f3polis, a cidade apresenta um d\u00e9ficit habitacional de 12 mil unidades. At\u00e9 o momento, mais de 3,7 mil fam\u00edlias, atingidas em 2022, continuam sem moradia e enquanto isso, o pr\u00e9dio, localizado na Floriano Peixoto, sequer tem previs\u00e3o para ser disponibilizado a quem precisa.<\/p>\n\n\n\n<p>Em audi\u00eancia realizada na 4\u00aa Vara C\u00edvel de Petr\u00f3polis, em outubro do ano passado, foi apresentado que a prefeitura gasta 10 milh\u00f5es de reais com o aluguel social. Dentre os beneficiados est\u00e3o v\u00edtimas de trag\u00e9dias registradas nos anos de 2011, 2013 e 2022.<\/p>\n\n\n\n<p>De acordo com o parlamentar, um questionamento foi enviado a prefeitura de Petr\u00f3polis para agilizar os tr\u00e2mites burocr\u00e1ticos para a constru\u00e7\u00e3o de unidades habitacionais. Em 2021 o Governo do Estado apresentou projetos para a constru\u00e7\u00e3o de 350 unidades residenciais nas localidades: Mosela, Benfica e Vale do Cuiab\u00e1. Contudo, \u00e9 necess\u00e1rio que a prefeitura regularize os terrenos. O deputado ainda cobra um planejamento imediato para a cria\u00e7\u00e3o de pol\u00edticas p\u00fablicas habitacionais. \u201cO aluguel social n\u00e3o deve ser uma pol\u00edtica p\u00fablica de moradia, mas \u00e9 isso que temos visto. Temos informa\u00e7\u00f5es do Governo do Estado que a prefeitura n\u00e3o dialoga, dificulta as rela\u00e7\u00f5es. N\u00f3s enviamos um of\u00edcio ao Governo Federal e foi informado que h\u00e1 verbas\u201d, comenta, S\u00e9rgio dizendo que para a libera\u00e7\u00e3o do recurso, \u00e9 preciso que os projetos sejam encaminhados ao Governo Federal.<\/p>\n","protected":false},"excerpt":{"rendered":"<p>Richard Stoltzenburg Petr\u00f3polis virou pauta na Assembleia Legislativa do Rio de Janeiro, neste m\u00eas. Durante<\/p>\n","protected":false},"author":2,"featured_media":59286,"comment_status":"open","ping_status":"open","sticky":false,"template":"","format":"standard","meta":{"footnotes":""},"categories":[12],"tags":[],"class_list":["post-59285","post","type-post","status-publish","format-standard","has-post-thumbnail","hentry","category-cidade"],"_links":{"self":[{"href":"https:\/\/tvc16.com\/portal\/wp-json\/wp\/v2\/posts\/59285","targetHints":{"allow":["GET"]}}],"collection":[{"href":"https:\/\/tvc16.com\/portal\/wp-json\/wp\/v2\/posts"}],"about":[{"href":"https:\/\/tvc16.com\/portal\/wp-json\/wp\/v2\/types\/post"}],"author":[{"embeddable":true,"href":"https:\/\/tvc16.com\/portal\/wp-json\/wp\/v2\/users\/2"}],"replies":[{"embeddable":true,"href":"https:\/\/tvc16.com\/portal\/wp-json\/wp\/v2\/comments?post=59285"}],"version-history":[{"count":1,"href":"https:\/\/tvc16.com\/portal\/wp-json\/wp\/v2\/posts\/59285\/revisions"}],"predecessor-version":[{"id":59287,"href":"https:\/\/tvc16.com\/portal\/wp-json\/wp\/v2\/posts\/59285\/revisions\/59287"}],"wp:featuredmedia":[{"embeddable":true,"href":"https:\/\/tvc16.com\/portal\/wp-json\/wp\/v2\/media\/59286"}],"wp:attachment":[{"href":"https:\/\/tvc16.com\/portal\/wp-json\/wp\/v2\/media?parent=59285"}],"wp:term":[{"taxonomy":"category","embeddable":true,"href":"https:\/\/tvc16.com\/portal\/wp-json\/wp\/v2\/categories?post=59285"},{"taxonomy":"post_tag","embeddable":true,"href":"https:\/\/tvc16.com\/portal\/wp-json\/wp\/v2\/tags?post=59285"}],"curies":[{"name":"wp","href":"https:\/\/api.w.org\/{rel}","templated":true}]}}