{"id":59293,"date":"2023-05-13T07:00:00","date_gmt":"2023-05-13T10:00:00","guid":{"rendered":"https:\/\/tvc16.com\/portal\/?p=59293"},"modified":"2023-05-12T23:13:44","modified_gmt":"2023-05-13T02:13:44","slug":"prefeitura-convoca-mais-98-concursados-da-educacao","status":"publish","type":"post","link":"https:\/\/tvc16.com\/portal\/2023\/05\/13\/prefeitura-convoca-mais-98-concursados-da-educacao\/","title":{"rendered":"Prefeitura convoca mais 98 concursados da Educa\u00e7\u00e3o"},"content":{"rendered":"\n<p>Mais 98 aprovados no concurso p\u00fablico da Educa\u00e7\u00e3o foram convocados esta semana. Foram chamados professores da Educa\u00e7\u00e3o Infantil e dos anos iniciais do Ensino Fundamental, professores do segundo segmento do Fundamental e educadores.<\/p>\n\n\n\n<p>Esta \u00e9 a terceira convoca\u00e7\u00e3o feita pela pasta. At\u00e9 o momento, mais de 500 profissionais j\u00e1 tomaram posse e est\u00e3o atuando nas salas de aulas da rede.<\/p>\n\n\n\n<p>Os novos servidores j\u00e1 est\u00e3o sendo comunicados para comparecerem \u00e0 Secretaria de Administra\u00e7\u00e3o para apresenta\u00e7\u00e3o da documenta\u00e7\u00e3o. Ap\u00f3s esse processo, \u00e9 marcada a data para a escolha das unidades escolares que v\u00e3o atuar e a posse.<\/p>\n\n\n\n<p>A previs\u00e3o \u00e9 que neste primeiro semestre todas as vagas imediatas (877) sejam preenchidas. Desse total, j\u00e1 foram convocados 693 aprovados, sendo 506 no primeiro chamamento, 89 no segundo e agora mais 98.<\/p>\n\n\n\n<p>Ap\u00f3s a convoca\u00e7\u00e3o, todos os profissionais empossados passam por uma forma\u00e7\u00e3o onde conhecem a rede, os projetos e as a\u00e7\u00f5es desenvolvidas. A lista foi publicada no Di\u00e1rio Oficial (D.O.) do dia 27 de abril e est\u00e1 dispon\u00edvel no site da Prefeitura.<\/p>\n","protected":false},"excerpt":{"rendered":"<p>Mais 98 aprovados no concurso p\u00fablico da Educa\u00e7\u00e3o foram convocados esta semana. Foram chamados professores<\/p>\n","protected":false},"author":2,"featured_media":59294,"comment_status":"open","ping_status":"open","sticky":false,"template":"","format":"standard","meta":{"footnotes":""},"categories":[12],"tags":[],"class_list":["post-59293","post","type-post","status-publish","format-standard","has-post-thumbnail","hentry","category-cidade"],"_links":{"self":[{"href":"https:\/\/tvc16.com\/portal\/wp-json\/wp\/v2\/posts\/59293","targetHints":{"allow":["GET"]}}],"collection":[{"href":"https:\/\/tvc16.com\/portal\/wp-json\/wp\/v2\/posts"}],"about":[{"href":"https:\/\/tvc16.com\/portal\/wp-json\/wp\/v2\/types\/post"}],"author":[{"embeddable":true,"href":"https:\/\/tvc16.com\/portal\/wp-json\/wp\/v2\/users\/2"}],"replies":[{"embeddable":true,"href":"https:\/\/tvc16.com\/portal\/wp-json\/wp\/v2\/comments?post=59293"}],"version-history":[{"count":1,"href":"https:\/\/tvc16.com\/portal\/wp-json\/wp\/v2\/posts\/59293\/revisions"}],"predecessor-version":[{"id":59295,"href":"https:\/\/tvc16.com\/portal\/wp-json\/wp\/v2\/posts\/59293\/revisions\/59295"}],"wp:featuredmedia":[{"embeddable":true,"href":"https:\/\/tvc16.com\/portal\/wp-json\/wp\/v2\/media\/59294"}],"wp:attachment":[{"href":"https:\/\/tvc16.com\/portal\/wp-json\/wp\/v2\/media?parent=59293"}],"wp:term":[{"taxonomy":"category","embeddable":true,"href":"https:\/\/tvc16.com\/portal\/wp-json\/wp\/v2\/categories?post=59293"},{"taxonomy":"post_tag","embeddable":true,"href":"https:\/\/tvc16.com\/portal\/wp-json\/wp\/v2\/tags?post=59293"}],"curies":[{"name":"wp","href":"https:\/\/api.w.org\/{rel}","templated":true}]}}