{"id":59296,"date":"2023-05-13T08:00:00","date_gmt":"2023-05-13T11:00:00","guid":{"rendered":"https:\/\/tvc16.com\/portal\/?p=59296"},"modified":"2023-05-12T23:22:09","modified_gmt":"2023-05-13T02:22:09","slug":"camara-municipal-vai-homenagear-presidentes-de-associacoes-de-moradores-e-lideres-comunitarios","status":"publish","type":"post","link":"https:\/\/tvc16.com\/portal\/2023\/05\/13\/camara-municipal-vai-homenagear-presidentes-de-associacoes-de-moradores-e-lideres-comunitarios\/","title":{"rendered":"C\u00e2mara Municipal vai homenagear presidentes de associa\u00e7\u00f5es de moradores e l\u00edderes comunit\u00e1rios"},"content":{"rendered":"\n<p>A C\u00e2mara Municipal de Petr\u00f3polis aprovou na \u00faltima ter\u00e7a-feira (9) a cria\u00e7\u00e3o de um novo pr\u00eamio que vai homenagear presidentes de associa\u00e7\u00f5es de moradores, l\u00edderes comunit\u00e1rios ou pessoas que contribuem na atua\u00e7\u00e3o e nas atividades em defesa da comunidade. Proposto pelo presidente da C\u00e2mara, vereador J\u00fanior Coruja, o Pr\u00eamio D. Maria Nazar\u00e9 ser\u00e1 concedido anualmente. Cada vereador poder\u00e1 indicar um homenageado.<\/p>\n\n\n\n<p>Segundo o vereador J\u00fanior Coruja, a premia\u00e7\u00e3o ser\u00e1 realizada sempre no m\u00eas de maio, por ser comemorado neste m\u00eas o Dia Nacional do L\u00edder Comunit\u00e1rio. \u201cNossa inten\u00e7\u00e3o \u00e9 dar visibilidade ao importante papel destas pessoas dentro da comunidade. Estamos falando de l\u00edderes sociais, que est\u00e3o cientes dos problemas de sua regi\u00e3o e que trabalham arduamente para que eles sejam resolvidos da melhor forma poss\u00edvel\u201d, explicou.<\/p>\n\n\n\n<p>O pr\u00eamio, de acordo com o vereador, \u00e9 inspirado na trajet\u00f3ria da D. Maria Nazar\u00e9, primeira mulher petropolitana presidente de associa\u00e7\u00e3o de moradores e l\u00edder comunit\u00e1ria. Foi moradora do Fragoso, na Estrada da Saudade, e enfermeira no posto de sa\u00fade do mesmo bairro.<\/p>\n\n\n\n<p>\u201cOs l\u00edderes comunit\u00e1rios dividem seu tempo entre a fam\u00edlia, o trabalho e a comunidade. E muitas vezes, esse tempo fica mais para a comunidade do que para a pr\u00f3pria fam\u00edlia. Eles servem de ponte entre \u00f3rg\u00e3os administrativos do governo e das comunidades e atuam como importante instrumento na busca por solu\u00e7\u00f5es\u201d, lembrou o vereador.<\/p>\n\n\n\n<p>O pr\u00eamio ser\u00e1 entregue pela primeira vez em 2024.<\/p>\n","protected":false},"excerpt":{"rendered":"<p>A C\u00e2mara Municipal de Petr\u00f3polis aprovou na \u00faltima ter\u00e7a-feira (9) a cria\u00e7\u00e3o de um novo<\/p>\n","protected":false},"author":2,"featured_media":59297,"comment_status":"open","ping_status":"open","sticky":false,"template":"","format":"standard","meta":{"footnotes":""},"categories":[12],"tags":[],"class_list":["post-59296","post","type-post","status-publish","format-standard","has-post-thumbnail","hentry","category-cidade"],"_links":{"self":[{"href":"https:\/\/tvc16.com\/portal\/wp-json\/wp\/v2\/posts\/59296","targetHints":{"allow":["GET"]}}],"collection":[{"href":"https:\/\/tvc16.com\/portal\/wp-json\/wp\/v2\/posts"}],"about":[{"href":"https:\/\/tvc16.com\/portal\/wp-json\/wp\/v2\/types\/post"}],"author":[{"embeddable":true,"href":"https:\/\/tvc16.com\/portal\/wp-json\/wp\/v2\/users\/2"}],"replies":[{"embeddable":true,"href":"https:\/\/tvc16.com\/portal\/wp-json\/wp\/v2\/comments?post=59296"}],"version-history":[{"count":1,"href":"https:\/\/tvc16.com\/portal\/wp-json\/wp\/v2\/posts\/59296\/revisions"}],"predecessor-version":[{"id":59298,"href":"https:\/\/tvc16.com\/portal\/wp-json\/wp\/v2\/posts\/59296\/revisions\/59298"}],"wp:featuredmedia":[{"embeddable":true,"href":"https:\/\/tvc16.com\/portal\/wp-json\/wp\/v2\/media\/59297"}],"wp:attachment":[{"href":"https:\/\/tvc16.com\/portal\/wp-json\/wp\/v2\/media?parent=59296"}],"wp:term":[{"taxonomy":"category","embeddable":true,"href":"https:\/\/tvc16.com\/portal\/wp-json\/wp\/v2\/categories?post=59296"},{"taxonomy":"post_tag","embeddable":true,"href":"https:\/\/tvc16.com\/portal\/wp-json\/wp\/v2\/tags?post=59296"}],"curies":[{"name":"wp","href":"https:\/\/api.w.org\/{rel}","templated":true}]}}