{"id":59299,"date":"2023-05-13T10:00:00","date_gmt":"2023-05-13T13:00:00","guid":{"rendered":"https:\/\/tvc16.com\/portal\/?p=59299"},"modified":"2023-05-12T23:38:57","modified_gmt":"2023-05-13T02:38:57","slug":"policia-federal-deflagra-operacao-contra-ocupacoes-irregulares-em-cabo-frio","status":"publish","type":"post","link":"https:\/\/tvc16.com\/portal\/2023\/05\/13\/policia-federal-deflagra-operacao-contra-ocupacoes-irregulares-em-cabo-frio\/","title":{"rendered":"Pol\u00edcia Federal deflagra opera\u00e7\u00e3o contra ocupa\u00e7\u00f5es irregulares em Cabo Frio"},"content":{"rendered":"\n<p>Na \u00faltima quinta-feira, 11, a Pol\u00edcia Federal, o Instituto Chico Mendes de Conserva\u00e7\u00e3o da Biodiversidade (ICMBio), a secretaria do Meio Ambiente de Cabo Frio e o Minist\u00e9rio P\u00fablico Federal deflagraram uma opera\u00e7\u00e3o para combater a ocupa\u00e7\u00e3o irregular de terras e o desmatamento ilegal na \u00e1rea de prote\u00e7\u00e3o ambiental da bacia do rio S\u00e3o Jo\u00e3o, no munic\u00edpio de Cabo Frio, no distrito de Tamoios.<\/p>\n\n\n\n<p>Durante as dilig\u00eancias, foram demolidas cinco constru\u00e7\u00f5es erguidas de maneira ilegal dentro da \u00e1rea de preserva\u00e7\u00e3o ambiental. Al\u00e9m disso, verificou-se que outras 40 casas foram cadastradas para um posterior encaminhamento de moradores para programas sociais. Diante disso, os \u00f3rg\u00e3os ambientais perceberam a necessidade de tornar essas opera\u00e7\u00f5es mais frequentes na regi\u00e3o, com o intuito de reprimir a supress\u00e3o de vegeta\u00e7\u00e3o nativa e promover a preserva\u00e7\u00e3o do corredor ecol\u00f3gico.<\/p>\n\n\n\n<p>A APA da Bacia do Rio S\u00e3o Jo\u00e3o \u00e9 uma unidade de conserva\u00e7\u00e3o de uso sustent\u00e1vel, com cerca de 150.400 hectares, e abrange ecossistemas da Mata Atl\u00e2ntica, como a &#8220;mata de baixada&#8221;, mangues e a restinga. A regi\u00e3o sofre com um intenso processo de fragmenta\u00e7\u00e3o de habitats, provocado por sucessivos ciclos econ\u00f4micos de explora\u00e7\u00e3o dos recursos aliado ao hist\u00f3rico de ocupa\u00e7\u00e3o do seu territ\u00f3rio. Portanto, diversas esp\u00e9cies de animais que ali s\u00e3o abrigados est\u00e3o amea\u00e7ados de extin\u00e7\u00e3o, como a pregui\u00e7a de coleira, lobo-guar\u00e1, gato-maracaj\u00e1, bagrinho, borboleta da praia, on\u00e7a parda, al\u00e9m do mico-le\u00e3o dourado, animal s\u00edmbolo da unidade de conserva\u00e7\u00e3o ambiental.<\/p>\n","protected":false},"excerpt":{"rendered":"<p>Na \u00faltima quinta-feira, 11, a Pol\u00edcia Federal, o Instituto Chico Mendes de Conserva\u00e7\u00e3o da Biodiversidade<\/p>\n","protected":false},"author":2,"featured_media":59300,"comment_status":"open","ping_status":"open","sticky":false,"template":"","format":"standard","meta":{"footnotes":""},"categories":[17],"tags":[],"class_list":["post-59299","post","type-post","status-publish","format-standard","has-post-thumbnail","hentry","category-outras-noticias"],"_links":{"self":[{"href":"https:\/\/tvc16.com\/portal\/wp-json\/wp\/v2\/posts\/59299","targetHints":{"allow":["GET"]}}],"collection":[{"href":"https:\/\/tvc16.com\/portal\/wp-json\/wp\/v2\/posts"}],"about":[{"href":"https:\/\/tvc16.com\/portal\/wp-json\/wp\/v2\/types\/post"}],"author":[{"embeddable":true,"href":"https:\/\/tvc16.com\/portal\/wp-json\/wp\/v2\/users\/2"}],"replies":[{"embeddable":true,"href":"https:\/\/tvc16.com\/portal\/wp-json\/wp\/v2\/comments?post=59299"}],"version-history":[{"count":2,"href":"https:\/\/tvc16.com\/portal\/wp-json\/wp\/v2\/posts\/59299\/revisions"}],"predecessor-version":[{"id":59302,"href":"https:\/\/tvc16.com\/portal\/wp-json\/wp\/v2\/posts\/59299\/revisions\/59302"}],"wp:featuredmedia":[{"embeddable":true,"href":"https:\/\/tvc16.com\/portal\/wp-json\/wp\/v2\/media\/59300"}],"wp:attachment":[{"href":"https:\/\/tvc16.com\/portal\/wp-json\/wp\/v2\/media?parent=59299"}],"wp:term":[{"taxonomy":"category","embeddable":true,"href":"https:\/\/tvc16.com\/portal\/wp-json\/wp\/v2\/categories?post=59299"},{"taxonomy":"post_tag","embeddable":true,"href":"https:\/\/tvc16.com\/portal\/wp-json\/wp\/v2\/tags?post=59299"}],"curies":[{"name":"wp","href":"https:\/\/api.w.org\/{rel}","templated":true}]}}