{"id":59303,"date":"2023-05-13T07:30:00","date_gmt":"2023-05-13T10:30:00","guid":{"rendered":"https:\/\/tvc16.com\/portal\/?p=59303"},"modified":"2023-05-12T23:44:18","modified_gmt":"2023-05-13T02:44:18","slug":"secretarias-municipais-de-teresopolis-realizam-acoes-de-atendimento-para-o-bolsa-familia-neste-sabado","status":"publish","type":"post","link":"https:\/\/tvc16.com\/portal\/2023\/05\/13\/secretarias-municipais-de-teresopolis-realizam-acoes-de-atendimento-para-o-bolsa-familia-neste-sabado\/","title":{"rendered":"Secretarias Municipais de Teres\u00f3polis realizam a\u00e7\u00f5es de atendimento para o bolsa fam\u00edlia neste s\u00e1bado"},"content":{"rendered":"\n<p>Uma \u201cA\u00e7\u00e3o Acolhedora\u201d multissetorial, com diversas op\u00e7\u00f5es de atendimento e atividades para as crian\u00e7as, ser\u00e1 realizada neste s\u00e1bado, 13 de maio, das 9h \u00e0s 14h, na Escola Municipal Chiquinha Rolla, na Beira Linha. <\/p>\n\n\n\n<p>Os atendimentos ser\u00e3o feitos pela equipe da Secretaria Municipal de Desenvolvimento Social, atrav\u00e9s do Centro de Refer\u00eancia da Assist\u00eancia Social (CRAS) Alto, em parceria com as secretarias de Sa\u00fade, Educa\u00e7\u00e3o e Trabalho, Emprego e Economia Solid\u00e1ria. Estar\u00e3o tamb\u00e9m presentes uma equipe do Cadastro \u00danico do Governo Federal e profissionais de Sa\u00fade do SUS.<\/p>\n\n\n\n<p>Os servi\u00e7os oferecidos pela equipe multidisciplinar ser\u00e3o: recadastramento no Cad\u00danico; entrega do Cart\u00e3o Supera RJ; inscri\u00e7\u00e3o para o Cart\u00e3o do Idoso; atendimento com o Servi\u00e7o Social do CRAS Alto; atendimento do SINE \u2013 Sistema Nacional de Emprego do Minist\u00e9rio da Economia; Varal Solid\u00e1rio, com roupas usadas para serem doadas; e atendimento est\u00e9tico com designer de sobrancelhas, cabeleireira e barbeiro; e ainda recrea\u00e7\u00e3o infantil com \u201cconta\u00e7\u00e3o\u201d de hist\u00f3rias.<\/p>\n\n\n\n<p>Para o recadastramento no Cad\u00danico envolvendo meninos de 0 a 7 anos, meninas e mulheres de 0 a 44 anos e gestantes que recebem o Programa Bolsa Fam\u00edlia, os documentos necess\u00e1rios s\u00e3o: Carteira de Identidade (RG), o N\u00famero de Identifica\u00e7\u00e3o Social (NIS) e a Carteira de Vacina\u00e7\u00e3o em dia.&nbsp;<\/p>\n\n\n\n<p>O CRAS Alto, respons\u00e1vel pela a\u00e7\u00e3o, funciona na Rua Nilza Chiapeta Fadigas, n\u00ba 190, Agri\u00f5es. Os telefones para contato s\u00e3o: (21)3641-3019 e (21)92015-0447.<\/p>\n","protected":false},"excerpt":{"rendered":"<p>Uma \u201cA\u00e7\u00e3o Acolhedora\u201d multissetorial, com diversas op\u00e7\u00f5es de atendimento e atividades para as crian\u00e7as, ser\u00e1<\/p>\n","protected":false},"author":2,"featured_media":59304,"comment_status":"open","ping_status":"open","sticky":false,"template":"","format":"standard","meta":{"footnotes":""},"categories":[17],"tags":[],"class_list":["post-59303","post","type-post","status-publish","format-standard","has-post-thumbnail","hentry","category-outras-noticias"],"_links":{"self":[{"href":"https:\/\/tvc16.com\/portal\/wp-json\/wp\/v2\/posts\/59303","targetHints":{"allow":["GET"]}}],"collection":[{"href":"https:\/\/tvc16.com\/portal\/wp-json\/wp\/v2\/posts"}],"about":[{"href":"https:\/\/tvc16.com\/portal\/wp-json\/wp\/v2\/types\/post"}],"author":[{"embeddable":true,"href":"https:\/\/tvc16.com\/portal\/wp-json\/wp\/v2\/users\/2"}],"replies":[{"embeddable":true,"href":"https:\/\/tvc16.com\/portal\/wp-json\/wp\/v2\/comments?post=59303"}],"version-history":[{"count":1,"href":"https:\/\/tvc16.com\/portal\/wp-json\/wp\/v2\/posts\/59303\/revisions"}],"predecessor-version":[{"id":59305,"href":"https:\/\/tvc16.com\/portal\/wp-json\/wp\/v2\/posts\/59303\/revisions\/59305"}],"wp:featuredmedia":[{"embeddable":true,"href":"https:\/\/tvc16.com\/portal\/wp-json\/wp\/v2\/media\/59304"}],"wp:attachment":[{"href":"https:\/\/tvc16.com\/portal\/wp-json\/wp\/v2\/media?parent=59303"}],"wp:term":[{"taxonomy":"category","embeddable":true,"href":"https:\/\/tvc16.com\/portal\/wp-json\/wp\/v2\/categories?post=59303"},{"taxonomy":"post_tag","embeddable":true,"href":"https:\/\/tvc16.com\/portal\/wp-json\/wp\/v2\/tags?post=59303"}],"curies":[{"name":"wp","href":"https:\/\/api.w.org\/{rel}","templated":true}]}}