{"id":59312,"date":"2023-05-13T13:00:00","date_gmt":"2023-05-13T16:00:00","guid":{"rendered":"https:\/\/tvc16.com\/portal\/?p=59312"},"modified":"2023-05-13T00:09:11","modified_gmt":"2023-05-13T03:09:11","slug":"inscricoes-para-o-vestibular-cederj-terminam-neste-domingo-14","status":"publish","type":"post","link":"https:\/\/tvc16.com\/portal\/2023\/05\/13\/inscricoes-para-o-vestibular-cederj-terminam-neste-domingo-14\/","title":{"rendered":"Inscri\u00e7\u00f5es para o Vestibular CEDERJ terminam neste domingo, 14"},"content":{"rendered":"\n<p>As inscri\u00e7\u00f5es para o Vestibular CEDERJ 2023.2 terminam neste domingo, dia 14 de maio. <\/p>\n\n\n\n<p>No total, s\u00e3o 60 vagas, 30 para Pedagogia e 30 para Geografia, ambas para a UERJ (Universidade do Estado do Rio de Janeiro), no polo Cederj Teres\u00f3polis. Para mais informa\u00e7\u00f5es, acesse:\u00a0https:\/\/www.cecierj.edu.br\/consorcio-cederj\/vestibular\/2023-2\/<\/p>\n\n\n\n<p>O vestibular contar\u00e1 com aproveitamento de notas de mais de uma edi\u00e7\u00e3o do Exame Nacional do Ensino M\u00e9dio (Enem). O candidato que pretende utilizar a nota do Enem deve prestar aten\u00e7\u00e3o \u00e0s regras definidas por cada universidade. <\/p>\n\n\n\n<p>A prova ser\u00e1 aplicada no dia 18 de junho e o resultado final ser\u00e1 publicado no dia 4 de julho. A matr\u00edcula deve ser efetuada nos dias 5 e 6 de julho, at\u00e9 \u00e0s 22h.<\/p>\n\n\n\n<p>O candidato que desejar algum esclarecimento sobre o processo de formaliza\u00e7\u00e3o do pedido de isen\u00e7\u00e3o ou cota pode enviar e-mail para\u00a0vestibular.cederj.prograd@id.uff.br.<\/p>\n","protected":false},"excerpt":{"rendered":"<p>As inscri\u00e7\u00f5es para o Vestibular CEDERJ 2023.2 terminam neste domingo, dia 14 de maio. No<\/p>\n","protected":false},"author":2,"featured_media":57196,"comment_status":"open","ping_status":"open","sticky":false,"template":"","format":"standard","meta":{"footnotes":""},"categories":[17],"tags":[],"class_list":["post-59312","post","type-post","status-publish","format-standard","has-post-thumbnail","hentry","category-outras-noticias"],"_links":{"self":[{"href":"https:\/\/tvc16.com\/portal\/wp-json\/wp\/v2\/posts\/59312","targetHints":{"allow":["GET"]}}],"collection":[{"href":"https:\/\/tvc16.com\/portal\/wp-json\/wp\/v2\/posts"}],"about":[{"href":"https:\/\/tvc16.com\/portal\/wp-json\/wp\/v2\/types\/post"}],"author":[{"embeddable":true,"href":"https:\/\/tvc16.com\/portal\/wp-json\/wp\/v2\/users\/2"}],"replies":[{"embeddable":true,"href":"https:\/\/tvc16.com\/portal\/wp-json\/wp\/v2\/comments?post=59312"}],"version-history":[{"count":1,"href":"https:\/\/tvc16.com\/portal\/wp-json\/wp\/v2\/posts\/59312\/revisions"}],"predecessor-version":[{"id":59313,"href":"https:\/\/tvc16.com\/portal\/wp-json\/wp\/v2\/posts\/59312\/revisions\/59313"}],"wp:featuredmedia":[{"embeddable":true,"href":"https:\/\/tvc16.com\/portal\/wp-json\/wp\/v2\/media\/57196"}],"wp:attachment":[{"href":"https:\/\/tvc16.com\/portal\/wp-json\/wp\/v2\/media?parent=59312"}],"wp:term":[{"taxonomy":"category","embeddable":true,"href":"https:\/\/tvc16.com\/portal\/wp-json\/wp\/v2\/categories?post=59312"},{"taxonomy":"post_tag","embeddable":true,"href":"https:\/\/tvc16.com\/portal\/wp-json\/wp\/v2\/tags?post=59312"}],"curies":[{"name":"wp","href":"https:\/\/api.w.org\/{rel}","templated":true}]}}