{"id":59320,"date":"2023-05-14T08:00:00","date_gmt":"2023-05-14T11:00:00","guid":{"rendered":"https:\/\/tvc16.com\/portal\/?p=59320"},"modified":"2023-05-13T00:32:45","modified_gmt":"2023-05-13T03:32:45","slug":"governo-do-estado-inaugura-cafe-do-trabalhador-em-volta-redonda","status":"publish","type":"post","link":"https:\/\/tvc16.com\/portal\/2023\/05\/14\/governo-do-estado-inaugura-cafe-do-trabalhador-em-volta-redonda\/","title":{"rendered":"Governo do Estado inaugura Caf\u00e9 do Trabalhador em Volta Redonda"},"content":{"rendered":"\n<p>O Caf\u00e9 do Trabalhador, programa do Governo do Estado que j\u00e1 \u00e9 um sucesso em 29 cidades fluminenses, chega agora a Volta Redonda. A partir desta segunda-feira (15), \u00e0s 10 horas, come\u00e7a a funcionar essa que j\u00e1 \u00e9 a 32\u00aa unidade do programa. <\/p>\n\n\n\n<p>No local ser\u00e3o fornecidos 500 kits de segunda a sexta-feira, a partir das 5:30 da manh\u00e3. O programa faz parte da pol\u00edtica estadual de combate \u00e0 fome e j\u00e1 est\u00e1 em opera\u00e7\u00e3o em outras cidades da regi\u00e3o como Barra Mansa, Tr\u00eas Rios e Angra dos Reis. Agora, com Volta Redonda, ser\u00e3o distribu\u00eddos por dia, s\u00f3 nestas localidades, 1.200 kits por dia.\u00a0\u00a0<\/p>\n\n\n\n<p>O Caf\u00e9 do Trabalhador, coordenado pela Secretaria de Desenvolvimento Social e Direitos Humanos, oferece a primeira refei\u00e7\u00e3o do dia por 50 centavos em locais pr\u00f3ximos a \u00e1reas de concentra\u00e7\u00e3o de usu\u00e1rios de transporte p\u00fablico. Com a nova unidade em Volta Redonda, o programa passar\u00e1 a oferecer 11.500 kits nos 32 polos existentes. A expectativa \u00e9 que outros 28 Caf\u00e9s sejam inaugurados nos pr\u00f3ximos meses.&nbsp;&nbsp;<\/p>\n\n\n\n<p>Cada kit do Caf\u00e9 do Trabalhador \u00e9 composto de caf\u00e9 ou leite quente sem a\u00e7\u00facar, p\u00e3o com manteiga e uma fruta. Al\u00e9m de guardanapo, mexedor descart\u00e1vel, sach\u00eas de a\u00e7\u00facar ou ado\u00e7ante. Os itens s\u00e3o armazenados em sacola pl\u00e1stica para o transporte seguro.<\/p>\n\n\n\n<p><br><strong>Servi\u00e7o:<br><\/strong><br>Local: Avenida dos trabalhadores, 13 &#8211; Vila Santa Cec\u00edlia &#8211; Volta Redonda<br>Inaugura\u00e7\u00e3o: 15\/05, segunda-feira, \u00e0s 10h<br>Hor\u00e1rio de funcionamento: De segunda a sexta-feira, das 5h \u00e0s 8h30<\/p>\n","protected":false},"excerpt":{"rendered":"<p>O Caf\u00e9 do Trabalhador, programa do Governo do Estado que j\u00e1 \u00e9 um sucesso em<\/p>\n","protected":false},"author":2,"featured_media":59321,"comment_status":"open","ping_status":"open","sticky":false,"template":"","format":"standard","meta":{"footnotes":""},"categories":[17],"tags":[],"class_list":["post-59320","post","type-post","status-publish","format-standard","has-post-thumbnail","hentry","category-outras-noticias"],"_links":{"self":[{"href":"https:\/\/tvc16.com\/portal\/wp-json\/wp\/v2\/posts\/59320","targetHints":{"allow":["GET"]}}],"collection":[{"href":"https:\/\/tvc16.com\/portal\/wp-json\/wp\/v2\/posts"}],"about":[{"href":"https:\/\/tvc16.com\/portal\/wp-json\/wp\/v2\/types\/post"}],"author":[{"embeddable":true,"href":"https:\/\/tvc16.com\/portal\/wp-json\/wp\/v2\/users\/2"}],"replies":[{"embeddable":true,"href":"https:\/\/tvc16.com\/portal\/wp-json\/wp\/v2\/comments?post=59320"}],"version-history":[{"count":1,"href":"https:\/\/tvc16.com\/portal\/wp-json\/wp\/v2\/posts\/59320\/revisions"}],"predecessor-version":[{"id":59322,"href":"https:\/\/tvc16.com\/portal\/wp-json\/wp\/v2\/posts\/59320\/revisions\/59322"}],"wp:featuredmedia":[{"embeddable":true,"href":"https:\/\/tvc16.com\/portal\/wp-json\/wp\/v2\/media\/59321"}],"wp:attachment":[{"href":"https:\/\/tvc16.com\/portal\/wp-json\/wp\/v2\/media?parent=59320"}],"wp:term":[{"taxonomy":"category","embeddable":true,"href":"https:\/\/tvc16.com\/portal\/wp-json\/wp\/v2\/categories?post=59320"},{"taxonomy":"post_tag","embeddable":true,"href":"https:\/\/tvc16.com\/portal\/wp-json\/wp\/v2\/tags?post=59320"}],"curies":[{"name":"wp","href":"https:\/\/api.w.org\/{rel}","templated":true}]}}