{"id":59325,"date":"2023-05-13T14:00:00","date_gmt":"2023-05-13T17:00:00","guid":{"rendered":"https:\/\/tvc16.com\/portal\/?p=59325"},"modified":"2023-05-13T09:43:23","modified_gmt":"2023-05-13T12:43:23","slug":"petropolis-sedia-37a-edicao-da-convencao-estadual-do-comercio-varejista-do-rio-de-janeiro-em-agosto","status":"publish","type":"post","link":"https:\/\/tvc16.com\/portal\/2023\/05\/13\/petropolis-sedia-37a-edicao-da-convencao-estadual-do-comercio-varejista-do-rio-de-janeiro-em-agosto\/","title":{"rendered":"Petr\u00f3polis sedia 37\u00aa edi\u00e7\u00e3o da conven\u00e7\u00e3o estadual do com\u00e9rcio varejista do Rio de Janeiro em agosto"},"content":{"rendered":"\n<p>A C\u00e2mara de Dirigentes Lojistas de Petr\u00f3polis ser\u00e1 a anfitri\u00e3 da 37\u00aa edi\u00e7\u00e3o da conven\u00e7\u00e3o estadual do com\u00e9rcio lojista do Rio de Janeiro, que acontece entre os dias 18 e 20 de agosto no Vila Itaipava Resorts Conventions, com a expectativa de reunir mais de 200 empres\u00e1rios do setor para palestras e pain\u00e9is sobre as tend\u00eancias e desafios do varejo nos pr\u00f3ximos anos. As inscri\u00e7\u00f5es para a conven\u00e7\u00e3o est\u00e3o abertas e podem ser feitas neste no site da Federa\u00e7\u00e3o das C\u00e2maras de Dirigentes Lojistas do Estado do Rio.<\/p>\n\n\n\n<p>Detalhes da programa\u00e7\u00e3o e estrutura do evento foram discutidos nesta sexta-feira (12) entre o presidente da CDL Petr\u00f3polis, Cl\u00e1udio Mohammad e o presidente da Federa\u00e7\u00e3o das C\u00e2maras de Dirigentes Lojistas do Estado do Rio de Janeiro (FCDL RJ) Fabiano Gon\u00e7alves, em visita a Petr\u00f3polis e Tr\u00eas Rios.<\/p>\n\n\n\n<p>Um dos focos da conven\u00e7\u00e3o ser\u00e1 a tecnologia e como ela influencia o comportamento do consumidor e, consequentemente, a forma de venda do com\u00e9rcio varejista. \u201cQueremos com este recorte e outros temas apresentar ao lojista as tend\u00eancias e tamb\u00e9m interagir com troca de ideias e sinergia entre todas as c\u00e2maras de dirigentes lojistas do estado\u201d, afirma o presidente da CDL Petr\u00f3polis, Cl\u00e1udio Mohammad,<\/p>\n\n\n\n<p>A conven\u00e7\u00e3o tem como objetivo reunir empres\u00e1rios, gestores e profissionais do setor varejista para debater tamb\u00e9m as oportunidades do mercado ap\u00f3s a crise sanit\u00e1ria causada pela Covid-19. Entre os assuntos abordados estar\u00e3o as tend\u00eancias de consumo, a transforma\u00e7\u00e3o digital, a sustentabilidade, a inova\u00e7\u00e3o, o empreendedorismo e a gest\u00e3o de pessoas.<\/p>\n\n\n\n<p>\u201cA conven\u00e7\u00e3o \u00e9 uma excelente ocasi\u00e3o para trocar experi\u00eancias, adquirir conhecimentos e fazer parcerias que possam contribuir para o crescimento dos neg\u00f3cios. Um dos objetivos da nossa federa\u00e7\u00e3o \u00e9 justamente criar essa sinergia entre as CDLs e os empres\u00e1rios\u201d, afirma Fabiano Gon\u00e7alves.<\/p>\n\n\n\n<p>Cl\u00e1udio Mohammad, que destaca tamb\u00e9m que o evento ocorre em Petr\u00f3polis marcando os 62 anos da entidade local, aponta ainda, al\u00e9m da finalidade principal, o movimento que o evento trar\u00e1 para o setor de turismo no per\u00edodo. \u201cTemos uma programa\u00e7\u00e3o paralela de visita\u00e7\u00e3o \u00e0 cidade, aos pontos tur\u00edsticos, aos nossos polos de compras, circuito cervejeiro e tantas outras atra\u00e7\u00f5es, al\u00e9m de expoentes da economia como o SerraTec, o polo tecnol\u00f3gico, e o super computador Santos Dumont. Vai ser um momento de avan\u00e7o profissional, mas tamb\u00e9m de confraterniza\u00e7\u00e3o e prop\u00edcio para o trade tur\u00edstico\u201d, considera.<\/p>\n","protected":false},"excerpt":{"rendered":"<p>A C\u00e2mara de Dirigentes Lojistas de Petr\u00f3polis ser\u00e1 a anfitri\u00e3 da 37\u00aa edi\u00e7\u00e3o da conven\u00e7\u00e3o<\/p>\n","protected":false},"author":2,"featured_media":59326,"comment_status":"open","ping_status":"open","sticky":false,"template":"","format":"standard","meta":{"footnotes":""},"categories":[12],"tags":[],"class_list":["post-59325","post","type-post","status-publish","format-standard","has-post-thumbnail","hentry","category-cidade"],"_links":{"self":[{"href":"https:\/\/tvc16.com\/portal\/wp-json\/wp\/v2\/posts\/59325","targetHints":{"allow":["GET"]}}],"collection":[{"href":"https:\/\/tvc16.com\/portal\/wp-json\/wp\/v2\/posts"}],"about":[{"href":"https:\/\/tvc16.com\/portal\/wp-json\/wp\/v2\/types\/post"}],"author":[{"embeddable":true,"href":"https:\/\/tvc16.com\/portal\/wp-json\/wp\/v2\/users\/2"}],"replies":[{"embeddable":true,"href":"https:\/\/tvc16.com\/portal\/wp-json\/wp\/v2\/comments?post=59325"}],"version-history":[{"count":1,"href":"https:\/\/tvc16.com\/portal\/wp-json\/wp\/v2\/posts\/59325\/revisions"}],"predecessor-version":[{"id":59327,"href":"https:\/\/tvc16.com\/portal\/wp-json\/wp\/v2\/posts\/59325\/revisions\/59327"}],"wp:featuredmedia":[{"embeddable":true,"href":"https:\/\/tvc16.com\/portal\/wp-json\/wp\/v2\/media\/59326"}],"wp:attachment":[{"href":"https:\/\/tvc16.com\/portal\/wp-json\/wp\/v2\/media?parent=59325"}],"wp:term":[{"taxonomy":"category","embeddable":true,"href":"https:\/\/tvc16.com\/portal\/wp-json\/wp\/v2\/categories?post=59325"},{"taxonomy":"post_tag","embeddable":true,"href":"https:\/\/tvc16.com\/portal\/wp-json\/wp\/v2\/tags?post=59325"}],"curies":[{"name":"wp","href":"https:\/\/api.w.org\/{rel}","templated":true}]}}