{"id":59331,"date":"2023-05-13T12:04:27","date_gmt":"2023-05-13T15:04:27","guid":{"rendered":"https:\/\/tvc16.com\/portal\/?p=59331"},"modified":"2023-05-14T11:19:11","modified_gmt":"2023-05-14T14:19:11","slug":"rodoviario-vitima-de-incendio-na-garagens-das-empresas-de-onibus-tem-alta-do-hospital","status":"publish","type":"post","link":"https:\/\/tvc16.com\/portal\/2023\/05\/13\/rodoviario-vitima-de-incendio-na-garagens-das-empresas-de-onibus-tem-alta-do-hospital\/","title":{"rendered":"Rodovi\u00e1rio v\u00edtima de inc\u00eandio na garagem das empresas de \u00f4nibus tem alta do hospital"},"content":{"rendered":"\n<p>De acordo com informa\u00e7\u00e3o emitida pelos familiares, o rodovi\u00e1rio Jos\u00e9 Luiz dos Santos, v\u00edtima do inc\u00eandio ocorrido na garagem das empresas de \u00f4nibus Petro Ita e Cascatinha, recebeu alta do hospital, neste s\u00e1bado, 13. Ele j\u00e1 prestou depoimento na 105\u00aa Delegacia de Pol\u00edcia do Retiro e ainda hoje pode fazer o exame de corpo de delito.<\/p>\n\n\n\n<p>Ainda de acordo com a fam\u00edlia, Jos\u00e9 Luiz est\u00e1 est\u00e1vel, mas ainda com muitas dores por conta da queda. A fam\u00edlia fez um agradecimento, nas redes sociais, \u00e0s pessoas que os ajudaram.<\/p>\n\n\n\n<figure class=\"wp-block-image size-full\"><img loading=\"lazy\" decoding=\"async\" width=\"540\" height=\"675\" src=\"https:\/\/tvc16.com\/portal\/wp-content\/uploads\/2023\/05\/agradecimento.jpeg\" alt=\"\" class=\"wp-image-59332\" srcset=\"https:\/\/tvc16.com\/portal\/wp-content\/uploads\/2023\/05\/agradecimento.jpeg 540w, https:\/\/tvc16.com\/portal\/wp-content\/uploads\/2023\/05\/agradecimento-240x300.jpeg 240w\" sizes=\"auto, (max-width: 540px) 100vw, 540px\" \/><\/figure>\n","protected":false},"excerpt":{"rendered":"<p>De acordo com informa\u00e7\u00e3o emitida pelos familiares, o rodovi\u00e1rio Jos\u00e9 Luiz dos Santos, v\u00edtima do<\/p>\n","protected":false},"author":2,"featured_media":59333,"comment_status":"open","ping_status":"open","sticky":true,"template":"","format":"standard","meta":{"footnotes":""},"categories":[12],"tags":[],"class_list":["post-59331","post","type-post","status-publish","format-standard","has-post-thumbnail","hentry","category-cidade"],"_links":{"self":[{"href":"https:\/\/tvc16.com\/portal\/wp-json\/wp\/v2\/posts\/59331","targetHints":{"allow":["GET"]}}],"collection":[{"href":"https:\/\/tvc16.com\/portal\/wp-json\/wp\/v2\/posts"}],"about":[{"href":"https:\/\/tvc16.com\/portal\/wp-json\/wp\/v2\/types\/post"}],"author":[{"embeddable":true,"href":"https:\/\/tvc16.com\/portal\/wp-json\/wp\/v2\/users\/2"}],"replies":[{"embeddable":true,"href":"https:\/\/tvc16.com\/portal\/wp-json\/wp\/v2\/comments?post=59331"}],"version-history":[{"count":2,"href":"https:\/\/tvc16.com\/portal\/wp-json\/wp\/v2\/posts\/59331\/revisions"}],"predecessor-version":[{"id":59383,"href":"https:\/\/tvc16.com\/portal\/wp-json\/wp\/v2\/posts\/59331\/revisions\/59383"}],"wp:featuredmedia":[{"embeddable":true,"href":"https:\/\/tvc16.com\/portal\/wp-json\/wp\/v2\/media\/59333"}],"wp:attachment":[{"href":"https:\/\/tvc16.com\/portal\/wp-json\/wp\/v2\/media?parent=59331"}],"wp:term":[{"taxonomy":"category","embeddable":true,"href":"https:\/\/tvc16.com\/portal\/wp-json\/wp\/v2\/categories?post=59331"},{"taxonomy":"post_tag","embeddable":true,"href":"https:\/\/tvc16.com\/portal\/wp-json\/wp\/v2\/tags?post=59331"}],"curies":[{"name":"wp","href":"https:\/\/api.w.org\/{rel}","templated":true}]}}