{"id":59357,"date":"2023-05-14T08:30:00","date_gmt":"2023-05-14T11:30:00","guid":{"rendered":"https:\/\/tvc16.com\/portal\/?p=59357"},"modified":"2023-05-14T06:21:52","modified_gmt":"2023-05-14T09:21:52","slug":"policia-civil-identifica-onde-teve-inicio-o-incendio-na-garagem-de-onibus","status":"publish","type":"post","link":"https:\/\/tvc16.com\/portal\/2023\/05\/14\/policia-civil-identifica-onde-teve-inicio-o-incendio-na-garagem-de-onibus\/","title":{"rendered":"Pol\u00edcia Civil identifica onde teve in\u00edcio o inc\u00eandio na garagem de \u00f4nibus"},"content":{"rendered":"\n<p>De acordo com a 105\u00aa Delegacia de Pol\u00edcia, ap\u00f3s investiga\u00e7\u00f5es, j\u00e1 foi identificado o local onde iniciou o inc\u00eandio que atingiu a garagem da Petro Ita e Cascatinha, na madrugada da \u00faltima ter\u00e7a-feira, 9. Os agentes aguardam o resultado da per\u00edcia para determinar o que provocou o fogo.<\/p>\n\n\n\n<p>O Minist\u00e9rio P\u00fablico do Estado do Rio de Janeiro informou que a Promotoria de Justi\u00e7a de Investiga\u00e7\u00e3o Penal de Petr\u00f3polis acompanha as investiga\u00e7\u00f5es.<\/p>\n\n\n\n<p>Relembrando<\/p>\n\n\n\n<p>O inc\u00eandio destruiu mais de 70 coletivos que estavam na garagem das via\u00e7\u00f5es Petro Ita e Cascatinha, na Rua Coronel Veiga, em Petr\u00f3polis. Militares de quatro quart\u00e9is do Corpo de Bombeiros de diferentes munic\u00edpios atuaram para conseguir conter as chamas. Um funcion\u00e1rio precisou pular o muro para fugir das chamas. Ap\u00f3s alguns dias internado, j\u00e1 est\u00e1 em casa.<\/p>\n","protected":false},"excerpt":{"rendered":"<p>De acordo com a 105\u00aa Delegacia de Pol\u00edcia, ap\u00f3s investiga\u00e7\u00f5es, j\u00e1 foi identificado o local<\/p>\n","protected":false},"author":2,"featured_media":59358,"comment_status":"open","ping_status":"open","sticky":false,"template":"","format":"standard","meta":{"footnotes":""},"categories":[12],"tags":[],"class_list":["post-59357","post","type-post","status-publish","format-standard","has-post-thumbnail","hentry","category-cidade"],"_links":{"self":[{"href":"https:\/\/tvc16.com\/portal\/wp-json\/wp\/v2\/posts\/59357","targetHints":{"allow":["GET"]}}],"collection":[{"href":"https:\/\/tvc16.com\/portal\/wp-json\/wp\/v2\/posts"}],"about":[{"href":"https:\/\/tvc16.com\/portal\/wp-json\/wp\/v2\/types\/post"}],"author":[{"embeddable":true,"href":"https:\/\/tvc16.com\/portal\/wp-json\/wp\/v2\/users\/2"}],"replies":[{"embeddable":true,"href":"https:\/\/tvc16.com\/portal\/wp-json\/wp\/v2\/comments?post=59357"}],"version-history":[{"count":1,"href":"https:\/\/tvc16.com\/portal\/wp-json\/wp\/v2\/posts\/59357\/revisions"}],"predecessor-version":[{"id":59359,"href":"https:\/\/tvc16.com\/portal\/wp-json\/wp\/v2\/posts\/59357\/revisions\/59359"}],"wp:featuredmedia":[{"embeddable":true,"href":"https:\/\/tvc16.com\/portal\/wp-json\/wp\/v2\/media\/59358"}],"wp:attachment":[{"href":"https:\/\/tvc16.com\/portal\/wp-json\/wp\/v2\/media?parent=59357"}],"wp:term":[{"taxonomy":"category","embeddable":true,"href":"https:\/\/tvc16.com\/portal\/wp-json\/wp\/v2\/categories?post=59357"},{"taxonomy":"post_tag","embeddable":true,"href":"https:\/\/tvc16.com\/portal\/wp-json\/wp\/v2\/tags?post=59357"}],"curies":[{"name":"wp","href":"https:\/\/api.w.org\/{rel}","templated":true}]}}