{"id":594,"date":"2020-09-16T18:01:23","date_gmt":"2020-09-16T18:01:23","guid":{"rendered":"https:\/\/tvc16.com\/portal\/?p=594"},"modified":"2020-09-16T18:11:34","modified_gmt":"2020-09-16T18:11:34","slug":"citinova-inicia-ciclo-de-dialogos-online-sobre-sustentabilidade","status":"publish","type":"post","link":"https:\/\/tvc16.com\/portal\/2020\/09\/16\/citinova-inicia-ciclo-de-dialogos-online-sobre-sustentabilidade\/","title":{"rendered":"CITinova inicia ciclo de di\u00e1logos online sobre sustentabilidade"},"content":{"rendered":"\n<p>A urbaniza\u00e7\u00e3o insustent\u00e1vel, as mudan\u00e7as do clima e o uso desenfreado de recursos naturais est\u00e3o impactando cada vez mais o bem-estar e a sa\u00fade das pessoas. Propor alternativas para acelerar o desenvolvimento sustent\u00e1vel das cidades, onde est\u00e1 concentrada a maior parte da popula\u00e7\u00e3o brasileira, se faz urgente e, para isso, o projeto CITinova inicia um ciclo de di\u00e1logos com o tema: \u201cPlanejamento Integrado e Tecnologia para Cidades Sustent\u00e1veis\u201d.&nbsp;<\/p>\n\n\n\n<p>O primeiro debate acontece na quinta-feira (17), \u00e0s 14h, e conta com a participa\u00e7\u00e3o do CGEE e do Minist\u00e9rio da Ci\u00eancia, Tecnologia e Inova\u00e7\u00f5es (MCTI). Por conta do distanciamento social, os encontros acontecem por meio de plataforma online e as inscri\u00e7\u00f5es podem ser realizadas&nbsp;<a href=\"https:\/\/forms.gle\/BD1S82J9tAmfYq8F9\" target=\"_blank\" rel=\"noreferrer noopener\">aqui<\/a>.<\/p>\n\n\n\n<p>O moderador do primeiro encontro, o assessor t\u00e9cnico do CGEE e coordenador do Observat\u00f3rio de Inova\u00e7\u00e3o para Cidades Sustent\u00e1veis, Marco Lobo, destaca que a ideia \u00e9 dar \u00eanfase a um dos principais objetivos do projeto CITinova: \u201cDevemos pensar como planejar e integrar as cidades para um futuro mais sustent\u00e1vel\u201d.<\/p>\n\n\n\n<p>Ir\u00e3o participar do di\u00e1logo o coordenador de Clima e Sustentabilidade do MCTI, Marcio Rojas; o ex-presidente do Instituto de Pesquisa e Planejamento Urbano de Curitiba (Ippuc), S\u00e9rgio Pires; e o presidente da Funda\u00e7\u00e3o Design For All, Francesc Aragall.&nbsp;<\/p>\n\n\n\n<p>\u201cAo promover conhecimento cient\u00edfico e fomentar tecnologias inovadoras, o projeto CITinova contribui para o avan\u00e7o da urbaniza\u00e7\u00e3o sustent\u00e1vel\u201d, afirma M\u00e1rcio Rojas. \u201cConte\u00fados e ferramentas de apoio aos gestores p\u00fablicos na tomada de decis\u00f5es que mitiguem os impactos da mudan\u00e7a do clima s\u00e3o fundamentais para garantir melhor qualidade de vida aos brasileiros, e se tornaram ainda mais urgentes neste momento de enfrentamento da pandemia global do Coronav\u00edrus.\u201d<\/p>\n\n\n\n<p>Financiado pelo Fundo Global para o Meio Ambiente (GEF, na sigla em ingl\u00eas), o CITinova \u00e9 um projeto multilateral realizado pelo MCTI, implementado pelo Programa das Na\u00e7\u00f5es Unidas para o Meio Ambiente (PNUMA) e executado em parceria com a Ag\u00eancia Recife para Inova\u00e7\u00e3o e Estrat\u00e9gia (Aries) e Porto Digital, o CGEE, o Programa Cidades Sustent\u00e1veis (PCS) e a Secretaria do Meio Ambiente (Sema\/DF).<\/p>\n\n\n\n<p>At\u00e9 dezembro, cada um dos parceiros coexecutores do projeto realizar\u00e1 um webinar como parte da programa\u00e7\u00e3o do Ciclo de Di\u00e1logos CITinova<\/p>\n\n\n\n<p>Com informa\u00e7\u00f5es da Assessoria de Imprensa do CGEE<\/p>\n\n\n\n<p><strong>Servi\u00e7o:<\/strong><\/p>\n\n\n\n<p><strong>Ciclo de Di\u00e1logos CITinova \u2013 Planejamento Integrado e Tecnologia para Cidades Sustent\u00e1veis \u2013 1\u00ba webinar&nbsp;<\/strong><\/p>\n\n\n\n<p><strong>Data:<\/strong>&nbsp;quinta-feira, 17\/09\/2020.<\/p>\n\n\n\n<p><strong>Hor\u00e1rio:<\/strong>&nbsp;de 14h \u00e0s 16h.<\/p>\n\n\n\n<p><strong>Inscri\u00e7\u00e3o:<\/strong>\u00a0<a rel=\"noreferrer noopener\" href=\"https:\/\/forms.gle\/BD1S82J9tAmfYq8F9\" target=\"_blank\">https:\/\/forms.gle\/BD1S82J9tAmfYq8F9<\/a><\/p>\n\n\n\n<p><a href=\"https:\/\/www.gov.br\/mcti\/pt-br\">Minist\u00e9rio da Ci\u00eancia, Tecnologia e Inova\u00e7\u00f5es<\/a><\/p>\n","protected":false},"excerpt":{"rendered":"<p>A urbaniza\u00e7\u00e3o insustent\u00e1vel, as mudan\u00e7as do clima e o uso desenfreado de recursos naturais est\u00e3o<\/p>\n","protected":false},"author":2,"featured_media":595,"comment_status":"open","ping_status":"open","sticky":false,"template":"","format":"standard","meta":{"footnotes":""},"categories":[16],"tags":[],"class_list":["post-594","post","type-post","status-publish","format-standard","has-post-thumbnail","hentry","category-colunistas"],"_links":{"self":[{"href":"https:\/\/tvc16.com\/portal\/wp-json\/wp\/v2\/posts\/594","targetHints":{"allow":["GET"]}}],"collection":[{"href":"https:\/\/tvc16.com\/portal\/wp-json\/wp\/v2\/posts"}],"about":[{"href":"https:\/\/tvc16.com\/portal\/wp-json\/wp\/v2\/types\/post"}],"author":[{"embeddable":true,"href":"https:\/\/tvc16.com\/portal\/wp-json\/wp\/v2\/users\/2"}],"replies":[{"embeddable":true,"href":"https:\/\/tvc16.com\/portal\/wp-json\/wp\/v2\/comments?post=594"}],"version-history":[{"count":2,"href":"https:\/\/tvc16.com\/portal\/wp-json\/wp\/v2\/posts\/594\/revisions"}],"predecessor-version":[{"id":600,"href":"https:\/\/tvc16.com\/portal\/wp-json\/wp\/v2\/posts\/594\/revisions\/600"}],"wp:featuredmedia":[{"embeddable":true,"href":"https:\/\/tvc16.com\/portal\/wp-json\/wp\/v2\/media\/595"}],"wp:attachment":[{"href":"https:\/\/tvc16.com\/portal\/wp-json\/wp\/v2\/media?parent=594"}],"wp:term":[{"taxonomy":"category","embeddable":true,"href":"https:\/\/tvc16.com\/portal\/wp-json\/wp\/v2\/categories?post=594"},{"taxonomy":"post_tag","embeddable":true,"href":"https:\/\/tvc16.com\/portal\/wp-json\/wp\/v2\/tags?post=594"}],"curies":[{"name":"wp","href":"https:\/\/api.w.org\/{rel}","templated":true}]}}