{"id":5947,"date":"2020-11-18T11:37:22","date_gmt":"2020-11-18T14:37:22","guid":{"rendered":"https:\/\/tvc16.com\/portal\/?p=5947"},"modified":"2020-11-18T11:37:24","modified_gmt":"2020-11-18T14:37:24","slug":"escola-firjan-sesi-prorroga-ate-22-de-novembro-inscricoes-para-80-vagas-gratuitas-de-ensino-medio-articulado-com-curso-tecnico","status":"publish","type":"post","link":"https:\/\/tvc16.com\/portal\/2020\/11\/18\/escola-firjan-sesi-prorroga-ate-22-de-novembro-inscricoes-para-80-vagas-gratuitas-de-ensino-medio-articulado-com-curso-tecnico\/","title":{"rendered":"Escola Firjan SESI prorroga at\u00e9 22 de novembro inscri\u00e7\u00f5es para 80 vagas gratuitas de ensino m\u00e9dio articulado com curso t\u00e9cnico"},"content":{"rendered":"\n<p><strong>Podem concorrer \u00e0s vagas jovens com renda familiar mensal per capita bruta de at\u00e9 1,5 sal\u00e1rios m\u00ednimos. As inscri\u00e7\u00f5es para o concurso de ingresso devem ser feitas no site da Escola<\/strong><\/p>\n\n\n\n<p>Jovens de Petr\u00f3polis, que estejam cursando ou tenham terminado o 9\u00ba do Ensino Fundamental, podem se candidatar ao processo seletivo de&nbsp;<strong>80 vagas gratuitas para o Ensino M\u00e9dio da Escola Firjan SESI articulado com o Curso T\u00e9cnico da Firjan SENAI. S\u00e3o 76 vagas para ampla concorr\u00eancia e 4 destinadas \u00e0s Pessoas com Defici\u00eancia (PCD).<\/strong>&nbsp;As aulas ser\u00e3o em turno integral. Inscri\u00e7\u00f5es devem ser feitas no site da Escola&nbsp;<a href=\"https:\/\/nam02.safelinks.protection.outlook.com\/?url=http%3A%2F%2Fwww.escolafirjansesi.com.br%2Fensinomedio&amp;data=04%7C01%7CCFARAUJO%40firjan.com.br%7C9f334ee9c11842a6afdd08d88b2ea01a%7Cd0c698d4e4ea4ee9a79df2d7a78399c8%7C0%7C0%7C637412379660886044%7CUnknown%7CTWFpbGZsb3d8eyJWIjoiMC4wLjAwMDAiLCJQIjoiV2luMzIiLCJBTiI6Ik1haWwiLCJXVCI6Mn0%3D%7C1000&amp;sdata=A%2FrUIospsLb3hT%2B92tPQXn%2F08Aym1wuQz1wtgUwyq4s%3D&amp;reserved=0\" target=\"_blank\" rel=\"noreferrer noopener\">www.escolafirjansesi.com.br\/ensinomedio<\/a>&nbsp;at\u00e9&nbsp;o&nbsp;dia&nbsp;<strong>22&nbsp;de novembro<\/strong>.<\/p>\n\n\n\n<p>No ato de inscri\u00e7\u00e3o, os interessados devem fornecer uma autodeclara\u00e7\u00e3o de renda familiar per capita bruta de at\u00e9 1,5 sal\u00e1rios m\u00ednimos (alguns candidatos s\u00e3o dispensados desta obrigatoriedade \u2014 confira detalhes no edital) e&nbsp;apresentar declara\u00e7\u00e3o de escolaridade ou certificado&nbsp;de conclus\u00e3o do 9\u00ba ano do Ensino Fundamental. O processo \u00e9 aberto para a comunidade em geral, com prioridade de vagas para candidatos do 9\u00ba ano da Escola Firjan SESI e para dependentes de industri\u00e1rios ou ex-industri\u00e1rios (neste caso, com at\u00e9 tr\u00eas anos de desligamento da empresa at\u00e9 a data de publica\u00e7\u00e3o do edital).<\/p>\n\n\n\n<p>A inscri\u00e7\u00e3o ser\u00e1 feita apenas pelo site da escola e os candidatos t\u00eam que anexar os documentos no momento da mesma. Cada documento anexado \u2014 carteira de identidade; c\u00f3pia do CPF; c\u00f3pia da declara\u00e7\u00e3o de escolaridade&nbsp;ou da declara\u00e7\u00e3o de conclus\u00e3o do 9\u00ba ano do Ensino Fundamental; autodeclara\u00e7\u00e3o de renda (exceto casos justific\u00e1veis &#8211; de acordo com o edital, o qual requerem, tamb\u00e9m, documenta\u00e7\u00e3o espec\u00edfica); comprovante de depend\u00eancia de industri\u00e1rio ou ex-industri\u00e1rio com v\u00ednculo at\u00e9 tr\u00eas anos antes da data de publica\u00e7\u00e3o do edital &#8211; deve ter no m\u00e1ximo 1MB e ser de um dos formatos (pdf, bmp, jpeg ou jpg).<\/p>\n\n\n\n<p>Regina Malta, gerente geral de Educa\u00e7\u00e3o da Firjan SENAI SESI, destaca que a proposta da institui\u00e7\u00e3o \u00e9 de investir na forma\u00e7\u00e3o de jovens com a perspectiva de futuro, com uma educa\u00e7\u00e3o de qualidade, voltada para o desenvolvimento humano e tecnol\u00f3gico. \u201cA Escola Firjan SESI refor\u00e7a a proposta de unir o Ensino M\u00e9dio com o Curso T\u00e9cnico da Firjan SENAI, preparando os jovens para os desafios da cidadania, do trabalho da inova\u00e7\u00e3o e da continuidade de estudos\u201d.<\/p>\n\n\n\n<p>Os locais de prova ser\u00e3o divulgados \u00e0s 17h do dia&nbsp;26&nbsp;de novembro, no site da Escola Firjan SESI. As provas ser\u00e3o aplicadas presencialmente no dia&nbsp;5&nbsp;de&nbsp;dezembro, das 10h \u00e0s 13h. A avalia\u00e7\u00e3o ser\u00e1 composta por 50 quest\u00f5es objetivas de m\u00faltipla escolha, contemplando conte\u00fados L\u00edngua Portuguesa, Matem\u00e1tica, Ci\u00eancias da Natureza e Ci\u00eancias Humanas dos Anos Finais do Ensino Fundamental.<\/p>\n\n\n\n<p>Mais informa\u00e7\u00f5es tamb\u00e9m podem ser obtidas atrav\u00e9s do telefone&nbsp;<strong>0800 0231 231<\/strong>.<\/p>\n","protected":false},"excerpt":{"rendered":"<p>Podem concorrer \u00e0s vagas jovens com renda familiar mensal per capita bruta de at\u00e9 1,5<\/p>\n","protected":false},"author":2,"featured_media":5948,"comment_status":"open","ping_status":"open","sticky":false,"template":"","format":"standard","meta":{"footnotes":""},"categories":[12],"tags":[],"class_list":["post-5947","post","type-post","status-publish","format-standard","has-post-thumbnail","hentry","category-cidade"],"_links":{"self":[{"href":"https:\/\/tvc16.com\/portal\/wp-json\/wp\/v2\/posts\/5947","targetHints":{"allow":["GET"]}}],"collection":[{"href":"https:\/\/tvc16.com\/portal\/wp-json\/wp\/v2\/posts"}],"about":[{"href":"https:\/\/tvc16.com\/portal\/wp-json\/wp\/v2\/types\/post"}],"author":[{"embeddable":true,"href":"https:\/\/tvc16.com\/portal\/wp-json\/wp\/v2\/users\/2"}],"replies":[{"embeddable":true,"href":"https:\/\/tvc16.com\/portal\/wp-json\/wp\/v2\/comments?post=5947"}],"version-history":[{"count":1,"href":"https:\/\/tvc16.com\/portal\/wp-json\/wp\/v2\/posts\/5947\/revisions"}],"predecessor-version":[{"id":5949,"href":"https:\/\/tvc16.com\/portal\/wp-json\/wp\/v2\/posts\/5947\/revisions\/5949"}],"wp:featuredmedia":[{"embeddable":true,"href":"https:\/\/tvc16.com\/portal\/wp-json\/wp\/v2\/media\/5948"}],"wp:attachment":[{"href":"https:\/\/tvc16.com\/portal\/wp-json\/wp\/v2\/media?parent=5947"}],"wp:term":[{"taxonomy":"category","embeddable":true,"href":"https:\/\/tvc16.com\/portal\/wp-json\/wp\/v2\/categories?post=5947"},{"taxonomy":"post_tag","embeddable":true,"href":"https:\/\/tvc16.com\/portal\/wp-json\/wp\/v2\/tags?post=5947"}],"curies":[{"name":"wp","href":"https:\/\/api.w.org\/{rel}","templated":true}]}}