{"id":5953,"date":"2020-11-18T11:57:44","date_gmt":"2020-11-18T14:57:44","guid":{"rendered":"https:\/\/tvc16.com\/portal\/?p=5953"},"modified":"2020-11-18T11:57:46","modified_gmt":"2020-11-18T14:57:46","slug":"carnaval-esquema-novo","status":"publish","type":"post","link":"https:\/\/tvc16.com\/portal\/2020\/11\/18\/carnaval-esquema-novo\/","title":{"rendered":"CARNAVAL: ESQUEMA NOVO"},"content":{"rendered":"\n<p>Parte das escolas de samba do Rio de Janeiro, ao lado da Liesa, que organiza o Carnaval carioca, decidiram que os desfiles v\u00e3o ocorrer no formato original, em julho de 2021, caso uma vacina esteja dispon\u00edvel at\u00e9 l\u00e1. Conforme\u00a0<strong><a rel=\"noreferrer noopener\" target=\"_blank\" href=\"http:\/\/click.emailabril.com.br\/?qs=5395cf5b27d6b06e604403a3ff027ff02c8be17002fa136e16b6e02d70e7f0bc15e6968d1787c48c437055f338da8f062d821eaa5b71f55d\">afirmou ao Radar<\/a>\u00a0<\/strong>Gabriel David, um dos diretores da Beija-Flor de Nil\u00f3polis, essa defini\u00e7\u00e3o era importante para que as agremia\u00e7\u00f5es pudessem se organizar a tempo. &#8220;Se n\u00e3o decid\u00edssemos agora, por mais que tenhamos a vacina no primeiro trimestre do ano que vem, n\u00e3o ter\u00edamos tempo para nos preparar para o Carnaval.&#8221;As datas dos desfiles ainda ser\u00e3o definidas pela liga.<\/p>\n","protected":false},"excerpt":{"rendered":"<p>Parte das escolas de samba do Rio de Janeiro, ao lado da Liesa, que organiza<\/p>\n","protected":false},"author":2,"featured_media":5954,"comment_status":"open","ping_status":"open","sticky":false,"template":"","format":"standard","meta":{"footnotes":""},"categories":[21],"tags":[],"class_list":["post-5953","post","type-post","status-publish","format-standard","has-post-thumbnail","hentry","category-cultura"],"_links":{"self":[{"href":"https:\/\/tvc16.com\/portal\/wp-json\/wp\/v2\/posts\/5953","targetHints":{"allow":["GET"]}}],"collection":[{"href":"https:\/\/tvc16.com\/portal\/wp-json\/wp\/v2\/posts"}],"about":[{"href":"https:\/\/tvc16.com\/portal\/wp-json\/wp\/v2\/types\/post"}],"author":[{"embeddable":true,"href":"https:\/\/tvc16.com\/portal\/wp-json\/wp\/v2\/users\/2"}],"replies":[{"embeddable":true,"href":"https:\/\/tvc16.com\/portal\/wp-json\/wp\/v2\/comments?post=5953"}],"version-history":[{"count":1,"href":"https:\/\/tvc16.com\/portal\/wp-json\/wp\/v2\/posts\/5953\/revisions"}],"predecessor-version":[{"id":5955,"href":"https:\/\/tvc16.com\/portal\/wp-json\/wp\/v2\/posts\/5953\/revisions\/5955"}],"wp:featuredmedia":[{"embeddable":true,"href":"https:\/\/tvc16.com\/portal\/wp-json\/wp\/v2\/media\/5954"}],"wp:attachment":[{"href":"https:\/\/tvc16.com\/portal\/wp-json\/wp\/v2\/media?parent=5953"}],"wp:term":[{"taxonomy":"category","embeddable":true,"href":"https:\/\/tvc16.com\/portal\/wp-json\/wp\/v2\/categories?post=5953"},{"taxonomy":"post_tag","embeddable":true,"href":"https:\/\/tvc16.com\/portal\/wp-json\/wp\/v2\/tags?post=5953"}],"curies":[{"name":"wp","href":"https:\/\/api.w.org\/{rel}","templated":true}]}}