{"id":5976,"date":"2020-11-18T12:17:43","date_gmt":"2020-11-18T15:17:43","guid":{"rendered":"https:\/\/tvc16.com\/portal\/?p=5976"},"modified":"2020-11-18T12:17:46","modified_gmt":"2020-11-18T15:17:46","slug":"previsao-de-recuo-do-pib-diminui-entre-setembro-e-novembro","status":"publish","type":"post","link":"https:\/\/tvc16.com\/portal\/2020\/11\/18\/previsao-de-recuo-do-pib-diminui-entre-setembro-e-novembro\/","title":{"rendered":"Previs\u00e3o de recuo do PIB diminui entre setembro e novembro"},"content":{"rendered":"\n<p>Segundo o boletim MacroFiscal, da Secretaria de Pol\u00edtica Econ\u00f4mica, estimativa de queda passou de 4,7% para 4,5%<\/p>\n\n\n\n<p>A previs\u00e3o de recuo do Produto Interno Bruto (PIB) do Brasil neste ano passou de 4,7% em setembro para 4,5% em novembro. \u00c9 o que aponta o Boletim MacroFiscal, divulgado nesta semana pela Secretaria de Pol\u00edtica Econ\u00f4mica, do Minist\u00e9rio da Economia. Para 2021, a previs\u00e3o foi mantida em 3,2%. &nbsp;&nbsp;<\/p>\n\n\n\n<p><strong><a href=\"https:\/\/brasil61.com\/noticias\/conselho-nacional-de-justica-alerta-para-tentativa-de-golpe-por-aplicativo-de-mensagens-bras202644\">Conselho Nacional de Justi\u00e7a alerta para tentativa de golpe por aplicativo de mensagens<\/a><\/strong><\/p>\n\n\n\n<p><strong><a href=\"https:\/\/brasil61.com\/noticias\/anac-revisa-contratos-de-aeroportos-em-decorrencia-da-pandemia-da-covid-19-bras202639\">Anac revisa contratos de aeroportos em decorr\u00eancia da pandemia da Covid-19<\/a><\/strong><br><br>Segundo o Governo Federal &nbsp;alguns setores da economia brasileira j\u00e1 apresentam sinais de recupera\u00e7\u00e3o. \u00c9 o caso, por exemplo, dos segmentos da ind\u00fastria e do varejo, que apresentaram crescimento de mais de 20% no terceiro trimestre de 2020, de acordo com o IBGE. O setor de servi\u00e7os tamb\u00e9m apresentou melhora, embora ainda esteja com n\u00edveis bem abaixo dos apresentados em fevereiro, antes da pandemia.<br>&nbsp;<br>Em rela\u00e7\u00e3o \u00e0 proje\u00e7\u00e3o da infla\u00e7\u00e3o, a estimativa do Minist\u00e9rio da Economia \u00e9 de que a taxa para este ano fique em 3,13%. Em setembro, a previs\u00e3o estava em 1,83%. Segundo o Executivo, a alta dos alimentos \u00e9 a principal causa da eleva\u00e7\u00e3o da proje\u00e7\u00e3o.<\/p>\n\n\n\n<p>Fonte: <a href=\"https:\/\/brasil61.com\/noticias\/previsao-de-recuo-do-pib-diminui-entre-setembro-e-novembro-bras202657?email=bethdeoliveira@yahoo.com.br&amp;utm_source=newsletter&amp;utm_medium=newsletter&amp;utm_campaign=newsletter\" target=\"_blank\" rel=\"noreferrer noopener\">Brasil 61<\/a><\/p>\n","protected":false},"excerpt":{"rendered":"<p>Segundo o boletim MacroFiscal, da Secretaria de Pol\u00edtica Econ\u00f4mica, estimativa de queda passou de 4,7%<\/p>\n","protected":false},"author":2,"featured_media":5977,"comment_status":"open","ping_status":"open","sticky":false,"template":"","format":"standard","meta":{"footnotes":""},"categories":[18],"tags":[],"class_list":["post-5976","post","type-post","status-publish","format-standard","has-post-thumbnail","hentry","category-economia"],"_links":{"self":[{"href":"https:\/\/tvc16.com\/portal\/wp-json\/wp\/v2\/posts\/5976","targetHints":{"allow":["GET"]}}],"collection":[{"href":"https:\/\/tvc16.com\/portal\/wp-json\/wp\/v2\/posts"}],"about":[{"href":"https:\/\/tvc16.com\/portal\/wp-json\/wp\/v2\/types\/post"}],"author":[{"embeddable":true,"href":"https:\/\/tvc16.com\/portal\/wp-json\/wp\/v2\/users\/2"}],"replies":[{"embeddable":true,"href":"https:\/\/tvc16.com\/portal\/wp-json\/wp\/v2\/comments?post=5976"}],"version-history":[{"count":1,"href":"https:\/\/tvc16.com\/portal\/wp-json\/wp\/v2\/posts\/5976\/revisions"}],"predecessor-version":[{"id":5978,"href":"https:\/\/tvc16.com\/portal\/wp-json\/wp\/v2\/posts\/5976\/revisions\/5978"}],"wp:featuredmedia":[{"embeddable":true,"href":"https:\/\/tvc16.com\/portal\/wp-json\/wp\/v2\/media\/5977"}],"wp:attachment":[{"href":"https:\/\/tvc16.com\/portal\/wp-json\/wp\/v2\/media?parent=5976"}],"wp:term":[{"taxonomy":"category","embeddable":true,"href":"https:\/\/tvc16.com\/portal\/wp-json\/wp\/v2\/categories?post=5976"},{"taxonomy":"post_tag","embeddable":true,"href":"https:\/\/tvc16.com\/portal\/wp-json\/wp\/v2\/tags?post=5976"}],"curies":[{"name":"wp","href":"https:\/\/api.w.org\/{rel}","templated":true}]}}