{"id":5982,"date":"2020-11-18T12:22:12","date_gmt":"2020-11-18T15:22:12","guid":{"rendered":"https:\/\/tvc16.com\/portal\/?p=5982"},"modified":"2020-11-18T12:22:15","modified_gmt":"2020-11-18T15:22:15","slug":"preco-das-carnes-de-frango-e-porco-deve-aumentar","status":"publish","type":"post","link":"https:\/\/tvc16.com\/portal\/2020\/11\/18\/preco-das-carnes-de-frango-e-porco-deve-aumentar\/","title":{"rendered":"Pre\u00e7o das carnes de frango e porco deve aumentar"},"content":{"rendered":"\n<p>Os custos mensais para produ\u00e7\u00e3o de su\u00ednos e de frangos tiveram mais um aumento este m\u00eas<\/p>\n\n\n\n<p>Os custos mensais para produ\u00e7\u00e3o de su\u00ednos e de frangos tiveram mais um aumento este m\u00eas. Isso significa que, em breve, esse aumento ser\u00e1 repassado para o consumidor pelos mercados e a\u00e7ougues. Em outubro, o ICPSu\u00edno chegou aos 352,95 pontos, +14,98% em rela\u00e7\u00e3o a setembro, superando o ent\u00e3o recorde nominal do \u00edndice, de 306,95 pontos, que tamb\u00e9m era do nono m\u00eas de 2020. J\u00e1 o ICPFrango fechou o outubro nos 328,76 pontos, +8,89% em compara\u00e7\u00e3o a setembro. Esse tamb\u00e9m \u00e9 um novo recorde nominal do \u00edndice criado em 2011 pela Embrapa e Conab para medir a varia\u00e7\u00e3o mensal dos custos de produ\u00e7\u00e3o.<\/p>\n\n\n\n<p><strong><a href=\"https:\/\/brasil61.com\/noticias\/fase-pos-covid-da-china-deve-influenciar-agronegocio-brasileiro-bras200311\">Fase p\u00f3s-covid da China deve influenciar agroneg\u00f3cio brasileiro<\/a><\/strong><\/p>\n\n\n\n<p><a href=\"https:\/\/brasil61.com\/noticias\/boletim-agro-exportacao-de-frangos-e-suinos-pode-crescer-6-com-paises-afetados-por-peste-suina-africana-pran197868\"><strong>BOLETIM AGRO: Exporta\u00e7\u00e3o de frangos e su\u00ednos pode crescer 6% com pa\u00edses afetados por peste su\u00edna africana<\/strong><\/a><\/p>\n\n\n\n<p>O Brasil \u00e9 o maior exportador de frango no mundo, com mais de quatro milh\u00f5es de toneladas vendidas em 2019; enquanto segue como o quarto maior exportador de carne su\u00edna do mundo, vendendo 750 mil toneladas a outros pa\u00edses. Esses tamb\u00e9m s\u00e3o dados de 2019, apresentados pela Empresa Brasileira de Pesquisa Agropecu\u00e1ria que \u00e9 uma Empresa P\u00fablica de pesquisa vinculada ao Minist\u00e9rio da Agricultura. Os estados de Santa Catarina e Paran\u00e1 s\u00e3o usados como refer\u00eancia nos c\u00e1lculos por serem os maiores produtores nacionais de su\u00ednos e de frangos de corte, respectivamente.<\/p>\n\n\n\n<p>Fonte: <a href=\"https:\/\/brasil61.com\/noticias\/preco-das-carnes-de-frango-e-porco-deve-aumentar-bras202654?email=bethdeoliveira@yahoo.com.br&amp;utm_source=newsletter&amp;utm_medium=newsletter&amp;utm_campaign=newsletter\" target=\"_blank\" rel=\"noreferrer noopener\">Brasil 61<\/a><\/p>\n","protected":false},"excerpt":{"rendered":"<p>Os custos mensais para produ\u00e7\u00e3o de su\u00ednos e de frangos tiveram mais um aumento este<\/p>\n","protected":false},"author":2,"featured_media":5983,"comment_status":"open","ping_status":"open","sticky":false,"template":"","format":"standard","meta":{"footnotes":""},"categories":[17],"tags":[],"class_list":["post-5982","post","type-post","status-publish","format-standard","has-post-thumbnail","hentry","category-outras-noticias"],"_links":{"self":[{"href":"https:\/\/tvc16.com\/portal\/wp-json\/wp\/v2\/posts\/5982","targetHints":{"allow":["GET"]}}],"collection":[{"href":"https:\/\/tvc16.com\/portal\/wp-json\/wp\/v2\/posts"}],"about":[{"href":"https:\/\/tvc16.com\/portal\/wp-json\/wp\/v2\/types\/post"}],"author":[{"embeddable":true,"href":"https:\/\/tvc16.com\/portal\/wp-json\/wp\/v2\/users\/2"}],"replies":[{"embeddable":true,"href":"https:\/\/tvc16.com\/portal\/wp-json\/wp\/v2\/comments?post=5982"}],"version-history":[{"count":1,"href":"https:\/\/tvc16.com\/portal\/wp-json\/wp\/v2\/posts\/5982\/revisions"}],"predecessor-version":[{"id":5984,"href":"https:\/\/tvc16.com\/portal\/wp-json\/wp\/v2\/posts\/5982\/revisions\/5984"}],"wp:featuredmedia":[{"embeddable":true,"href":"https:\/\/tvc16.com\/portal\/wp-json\/wp\/v2\/media\/5983"}],"wp:attachment":[{"href":"https:\/\/tvc16.com\/portal\/wp-json\/wp\/v2\/media?parent=5982"}],"wp:term":[{"taxonomy":"category","embeddable":true,"href":"https:\/\/tvc16.com\/portal\/wp-json\/wp\/v2\/categories?post=5982"},{"taxonomy":"post_tag","embeddable":true,"href":"https:\/\/tvc16.com\/portal\/wp-json\/wp\/v2\/tags?post=5982"}],"curies":[{"name":"wp","href":"https:\/\/api.w.org\/{rel}","templated":true}]}}